{"id":31134,"date":"2017-11-06T21:31:39","date_gmt":"2017-11-07T02:31:39","guid":{"rendered":"http:\/\/contraluzcucuta.co\/?p=31134"},"modified":"2017-11-06T21:31:39","modified_gmt":"2017-11-07T02:31:39","slug":"paro-en-el-catatumbo-campesinos-regresaron-casa-cargados-de-compromisos-oficiales","status":"publish","type":"post","link":"https:\/\/contraluzcucuta.co\/?p=31134","title":{"rendered":"PARO EN EL CATATUMBO. Campesinos regresaron a casa cargados de compromisos oficiales"},"content":{"rendered":"<p style=\"padding-left: 30px;\"><span style=\"color: #ff6600;\"><strong>EL CATATUMBO \u2013 Norte de Santander.-<\/strong> Cuatro aspectos fundamentales destacan en el documento suscrito por el Gobierno y la Asociaci\u00f3n Campesina de El Catatumbo, como representante del campesinado movilizado en Norte de Santander y sur del Cesar.<\/span><\/p>\n<p>El acuerdo lo firmaron el viceministro de Desarrollo Rural, Juan Pablo D\u00edaz Granados, el secretario de Gobierno, Andr\u00e9s Pallares; los alcaldes de Tib\u00fa, Juan Alberto Escalante, de El Zulia, Elkin Caballero, y de Sardinata, V\u00edctor Rangel; 22 voceros de los campesinos, y organizaciones garantes y facilitadores.<\/p>\n<p>Los puntos acordados son los siguientes:<\/p>\n<p><strong>1.- Reactivaci\u00f3n de la MIA Catatumbo (2013)<\/strong><\/p>\n<p>&#8211; An\u00e1lisis de la inclusi\u00f3n del tema de implementaci\u00f3n de los acuerdos de paz en el Norte de Santander.<\/p>\n<p>&#8211; El Gobierno financiar\u00e1 el desplazamiento, hospedaje y alimentaci\u00f3n de los voceros y apoyos t\u00e9cnicos.<\/p>\n<p>&#8211; El Gobierno financiar\u00e1 un equipo asesor de confianza para el campesinado movilizado, previo an\u00e1lisis de los casos puntuales.<\/p>\n<p>&#8211; Rotaci\u00f3n del lugar de sesi\u00f3n de la mesa en los cascos urbanos de Tib\u00fa, Oca\u00f1a o C\u00facuta, seg\u00fan el cronograma establecido por las partes.<\/p>\n<p>El campesinado de El Catatumbo propuso que se incorpore la implementaci\u00f3n de los acuerdos de paz dentro de los aspectos de v\u00edctimas y derechos humanos, soluci\u00f3n al problema de las drogas il\u00edcitas y reforma rural integral<\/p>\n<p>En febrero de 2018, se organizar\u00e1 el segundo encuentro social por El Catatumbo, que tendr\u00e1 como base la declaraci\u00f3n p\u00fablica de la rendici\u00f3n de cuentas del 26 de octubre.<\/p>\n<p>En materia de inversi\u00f3n social, en lo que resta del 2017, se entregar\u00e1n los estudios y se contratar\u00e1n los estudios y la estructuraci\u00f3n de los acueductos La Campana-El Tarra y La Trinidad-Convenci\u00f3n. La construcci\u00f3n del alcantarillado en la vereda Llanos de Bol\u00edvar, jurisdicci\u00f3n de Teorama.<\/p>\n<p>Frente al Anillo Vial para la Paz, que cubre a Hacar\u00ed, San Calixto y El Tarra se pact\u00f3 que la inversi\u00f3n en la primera fase no ser\u00e1 inferior a los recursos comprometidos en el 2015 y el 2017.<\/p>\n<p><strong>2.- Reforma Rural Integral<\/strong><\/p>\n<p>La participaci\u00f3n comunitaria qued\u00f3 establecida en el acuerdo en materia de implementaci\u00f3n participativa. Para la formalizaci\u00f3n de propiedad el Gobierno implementar\u00e1 una primera fase en Tib\u00fa, El Zulia, Sadinata, C\u00facuta, La Playa, \u00c1brego, Hacar\u00ed, San Calixto, Teorama, El Carmen y Convenci\u00f3n.<\/p>\n<p>El primero de diciembre, el Gobierno reactivar\u00e1 la mesa local de concertaci\u00f3n de parques nacionales en El Catatumbo. La reuni\u00f3n se cumplir\u00e1 en C\u00facuta.<\/p>\n<p><strong>3.- Drogas il\u00edcitas, sustituci\u00f3n voluntaria de cultivos de coca<\/strong><\/p>\n<p>Las partes reconocieron que la sustituci\u00f3n voluntaria de cultivos de coca mediante la implementaci\u00f3n y desarrollo de la ruta PNIS de manera concertada con los campesinos y las organizaciones representativas es la estrategia m\u00e1s s\u00f3lida y eficiente para la trasformaci\u00f3n de los territorios y la construcci\u00f3n de la paz.<\/p>\n<p>&#8211;&nbsp; Se concertar\u00e1 un cronograma para que se socialicen y firmen los acuerdos de voluntades en el departamento.<\/p>\n<p>&#8211; Antes del 17 de diciembre &nbsp;se firmar\u00e1n los acuerdos para la sustituci\u00f3n voluntaria en Sardinata y San Calixto.<\/p>\n<p><strong>4.- Derechos huanos, derechos pol\u00edticos y garant\u00edas<\/strong><\/p>\n<p>En este aspecto se fijaron acuerdos en torno a:<\/p>\n<p>&#8211; Devoluci\u00f3n de bienes de los manifestantes<\/p>\n<p>&#8211; Seguridad y garant\u00edas<\/p>\n<p>&#8211; Reuni\u00f3n UNP<\/p>\n<p>&#8211; Retorno de los manifestantes. <\/p>\n","protected":false},"excerpt":{"rendered":"<p>EL CATATUMBO \u2013 Norte de Santander.- Cuatro aspectos fundamentales destacan en el documento suscrito por el Gobierno y la Asociaci\u00f3n Campesina de El Catatumbo, como representante del campesinado movilizado en Norte de Santander y sur del Cesar. El acuerdo lo firmaron el viceministro de Desarrollo Rural, Juan Pablo D\u00edaz Granados, el secretario de Gobierno, Andr\u00e9s &hellip;<\/p>\n","protected":false},"author":1,"featured_media":31135,"comment_status":"open","ping_status":"open","sticky":false,"template":"","format":"standard","meta":{"footnotes":""},"categories":[45,4],"tags":[2794,246,1553],"class_list":["post-31134","post","type-post","status-publish","format-standard","has-post-thumbnail","hentry","category-destacado","category-barra","tag-defensoria-regional-del-pueblo","tag-el-catatumbo","tag-paro-campesino"],"_links":{"self":[{"href":"https:\/\/contraluzcucuta.co\/index.php?rest_route=\/wp\/v2\/posts\/31134","targetHints":{"allow":["GET"]}}],"collection":[{"href":"https:\/\/contraluzcucuta.co\/index.php?rest_route=\/wp\/v2\/posts"}],"about":[{"href":"https:\/\/contraluzcucuta.co\/index.php?rest_route=\/wp\/v2\/types\/post"}],"author":[{"embeddable":true,"href":"https:\/\/contraluzcucuta.co\/index.php?rest_route=\/wp\/v2\/users\/1"}],"replies":[{"embeddable":true,"href":"https:\/\/contraluzcucuta.co\/index.php?rest_route=%2Fwp%2Fv2%2Fcomments&post=31134"}],"version-history":[{"count":1,"href":"https:\/\/contraluzcucuta.co\/index.php?rest_route=\/wp\/v2\/posts\/31134\/revisions"}],"predecessor-version":[{"id":31136,"href":"https:\/\/contraluzcucuta.co\/index.php?rest_route=\/wp\/v2\/posts\/31134\/revisions\/31136"}],"wp:featuredmedia":[{"embeddable":true,"href":"https:\/\/contraluzcucuta.co\/index.php?rest_route=\/wp\/v2\/media\/31135"}],"wp:attachment":[{"href":"https:\/\/contraluzcucuta.co\/index.php?rest_route=%2Fwp%2Fv2%2Fmedia&parent=31134"}],"wp:term":[{"taxonomy":"category","embeddable":true,"href":"https:\/\/contraluzcucuta.co\/index.php?rest_route=%2Fwp%2Fv2%2Fcategories&post=31134"},{"taxonomy":"post_tag","embeddable":true,"href":"https:\/\/contraluzcucuta.co\/index.php?rest_route=%2Fwp%2Fv2%2Ftags&post=31134"}],"curies":[{"name":"wp","href":"https:\/\/api.w.org\/{rel}","templated":true}]}}