{"id":31128,"date":"2017-11-06T19:06:10","date_gmt":"2017-11-07T00:06:10","guid":{"rendered":"http:\/\/contraluzcucuta.co\/?p=31128"},"modified":"2017-11-06T19:06:10","modified_gmt":"2017-11-07T00:06:10","slug":"notas-al-margen-venezuela-y-colombia-necesitan-urgentes-y-mayores-entendimientos","status":"publish","type":"post","link":"https:\/\/contraluzcucuta.co\/?p=31128","title":{"rendered":"NOTAS AL MARGEN. Venezuela y Colombia necesitan urgentes\u00a0 y\u00a0 mayores entendimientos"},"content":{"rendered":"<p style=\"padding-left: 30px;\"><span style=\"color: #ff6600;\">1.-&nbsp; Quienes por vinculaci\u00f3n y afecto experimentamos y compartimos la realidad de la vivencia fronteriza, reconociendo que la actual etapa constituye la secuencia m\u00e1s ins\u00f3lita y atentatoria contra el anhelo integracionista y la aut\u00e9ntica mancomunidad de inter\u00e9s, en procura de darle vigencia, no solo al mensaje de uni\u00f3n, uni\u00f3n, uni\u00f3n que fijaron &nbsp;libertadores y constituyentes al establecer la Gran Colombia, el proceso pol\u00edtico-institucional de mayor trascendencia constitucional del continente americano, sino al deseo de conformar una zona, regi\u00f3n o \u00e1rea binacional fronteriza, para canalizar motivaciones y esfuerzos en procura de fuentes de empleo, mejoramientos infraestructurales y de&nbsp; servicios b\u00e1sicos, bajo el prop\u00f3sito de crear desarrollos industriales, investigaci\u00f3n y&nbsp; capacitaciones mediante pol\u00edticas de Estado conjuntas o de aprovechamiento especial, ante las favorabilidades de la ubicaci\u00f3n geoestrat\u00e9gica y pol\u00edtica, mediante&nbsp; incentivos, est\u00edmulos y mecanismos aplicables a las empresas que promuevan y participen en estos empe\u00f1os que beneficien a las dos naciones.&nbsp;<\/span><\/p>\n<p>Y \u00bfPor qu\u00e9 estamos sorprendidos? Porque se cerr\u00f3 la frontera, se crearon muchas situaciones de implicaciones agresivas y deterioradoras, hasta el extremo de no existir una corporaci\u00f3n, comisi\u00f3n o junta binacional &#8211; con presencia y participaci\u00f3n de las dos regiones, zonas o \u00e1reas que se pueden complementar- que est\u00e9n evaluando y definiendo propuestas y alternativas, no obstante las solicitudes formuladas. Y, mientras esto sucede, los servicios de transporte se paralizan o se afectan seriamente y en lugar de acercamientos, lo que se provoca es una pugna de pareceres, porque al no haber auxiliares y asistencia, como lo requiere y le urge a la frontera, lo que hay es apat\u00eda, indiferencia, olvido, marginalidad. Y, actos y conductas de esta naturaleza, no es ayuda para nadie.<\/p>\n<p>2.- Ante la magnitud y crecimiento de la inasistencia y cuando est\u00e1 a punto de terminarse el puente internacional de Tienditas, vale igualmente indagar \u00bfse han hecho los enfoques y las consideraciones apropiadas para el mejoramiento y aplicaci\u00f3n de las zonas inmediatas de entrada y salida, as\u00ed como lo pertinente a La Parada y la facilitaci\u00f3n y seguridad de las movilizaciones de personas, veh\u00edculos y mercader\u00edas?<\/p>\n<p>Adem\u00e1s \u00bfqu\u00e9 pas\u00f3 con la Zona Franca Industrial y&nbsp; Comercial de C\u00facuta, cuya entidad promotora y operativa se ubic\u00f3 en Quind\u00edo, como si aqu\u00ed no hubiera nadie?&nbsp; \u00bfQu\u00e9 pas\u00f3 con el agua y el gas? \u00bfQu\u00e9 pas\u00f3 con los est\u00edmulos a la capacitaci\u00f3n y la&nbsp; investigaci\u00f3n universitaria, en proyectos binacionales y acciones compartidas?<\/p>\n<p>3.- \u00bfQu\u00e9 pas\u00f3 con \u2018la opci\u00f3n de crear el Banco Colombo-Venezolano\u2019, en el que participen o se vinculen los bancos centrales de Colombia y Venezuela, el Banco Interamericano de Desarrollo (BID) y la Corporaci\u00f3n Andina de Fomento (CAF), as\u00ed como&nbsp; los que quieran vincularse a los procesos de cambio monetario y expansi\u00f3n&nbsp; industrial, para tener una fuente de apoyo y respaldo econ\u00f3mico y financiero? \u00bfPor qu\u00e9 no promover un gran empalme vial, sin olvidar el f\u00e9rreo tri\u00e1ngulo de oro Maracaibo, San Crist\u00f3bal \u2013San Faustino-C\u00facuta y el a\u00e9reo, que tanta falta hace?<\/p>\n<p>Lo incre\u00edble de todo esto, radica en constatar que es tanta la pasividad que se ha forjado y la ninguna atenci\u00f3n a las peticiones y los llamamientos que se han hecho a Caracas y Bogot\u00e1, que si esto prosigue habr\u00e1 que formular una convocatoria p\u00fablica para que en el sitio de mayor referencia se congregue un masivo&nbsp; llamamiento urgente y prioritario para preguntar a los presidentes de Colombia y Venezuela \u00bfqu\u00e9 se hizo la hist\u00f3rica&nbsp; uni\u00f3n bolivariana, si no hay&nbsp; avances, ni apoyos?&nbsp; \u00bfC\u00f3mo superar la informalidad y el desempleo ante el cierre de la frontera y la indiferencia de los poderes centrales? \u00bfPor qu\u00e9 no crear una promotora comisi\u00f3n binacional fronteriza, que reviva el esp\u00edritu integracionista y fraterno para el avance y el progreso de las dos naciones?<\/p>\n<p>El libertador Sim\u00f3n Bol\u00edvar ten\u00eda raz\u00f3n cuando dijo \u201cel no habernos compuesto con Santander, nos ha perjudicado a todos\u201c.<\/p>\n<p><strong>Jos\u00e9 Neira Rey<\/strong><\/p>\n<p>&nbsp; <\/p>\n","protected":false},"excerpt":{"rendered":"<p>1.-&nbsp; Quienes por vinculaci\u00f3n y afecto experimentamos y compartimos la realidad de la vivencia fronteriza, reconociendo que la actual etapa constituye la secuencia m\u00e1s ins\u00f3lita y atentatoria contra el anhelo integracionista y la aut\u00e9ntica mancomunidad de inter\u00e9s, en procura de darle vigencia, no solo al mensaje de uni\u00f3n, uni\u00f3n, uni\u00f3n que fijaron &nbsp;libertadores y constituyentes &hellip;<\/p>\n","protected":false},"author":1,"featured_media":31129,"comment_status":"open","ping_status":"open","sticky":false,"template":"","format":"standard","meta":{"footnotes":""},"categories":[14,4],"tags":[578,382,956],"class_list":["post-31128","post","type-post","status-publish","format-standard","has-post-thumbnail","hentry","category-articulistas","category-barra","tag-frontera-colombo-venezolana","tag-jose-neira","tag-notas-al-margen"],"_links":{"self":[{"href":"https:\/\/contraluzcucuta.co\/index.php?rest_route=\/wp\/v2\/posts\/31128","targetHints":{"allow":["GET"]}}],"collection":[{"href":"https:\/\/contraluzcucuta.co\/index.php?rest_route=\/wp\/v2\/posts"}],"about":[{"href":"https:\/\/contraluzcucuta.co\/index.php?rest_route=\/wp\/v2\/types\/post"}],"author":[{"embeddable":true,"href":"https:\/\/contraluzcucuta.co\/index.php?rest_route=\/wp\/v2\/users\/1"}],"replies":[{"embeddable":true,"href":"https:\/\/contraluzcucuta.co\/index.php?rest_route=%2Fwp%2Fv2%2Fcomments&post=31128"}],"version-history":[{"count":1,"href":"https:\/\/contraluzcucuta.co\/index.php?rest_route=\/wp\/v2\/posts\/31128\/revisions"}],"predecessor-version":[{"id":31130,"href":"https:\/\/contraluzcucuta.co\/index.php?rest_route=\/wp\/v2\/posts\/31128\/revisions\/31130"}],"wp:featuredmedia":[{"embeddable":true,"href":"https:\/\/contraluzcucuta.co\/index.php?rest_route=\/wp\/v2\/media\/31129"}],"wp:attachment":[{"href":"https:\/\/contraluzcucuta.co\/index.php?rest_route=%2Fwp%2Fv2%2Fmedia&parent=31128"}],"wp:term":[{"taxonomy":"category","embeddable":true,"href":"https:\/\/contraluzcucuta.co\/index.php?rest_route=%2Fwp%2Fv2%2Fcategories&post=31128"},{"taxonomy":"post_tag","embeddable":true,"href":"https:\/\/contraluzcucuta.co\/index.php?rest_route=%2Fwp%2Fv2%2Ftags&post=31128"}],"curies":[{"name":"wp","href":"https:\/\/api.w.org\/{rel}","templated":true}]}}