{"id":31121,"date":"2017-11-02T22:44:28","date_gmt":"2017-11-03T03:44:28","guid":{"rendered":"http:\/\/contraluzcucuta.co\/?p=31121"},"modified":"2017-11-02T22:44:28","modified_gmt":"2017-11-03T03:44:28","slug":"jardin-plaza-una-nueva-y-unica-experiencia-llega-cucuta","status":"publish","type":"post","link":"https:\/\/contraluzcucuta.co\/?p=31121","title":{"rendered":"JARD\u00cdN PLAZA. Una nueva y \u00fanica experiencia llega a C\u00facuta"},"content":{"rendered":"<p style=\"padding-left: 30px;\"><span style=\"color: #ff6600;\"><strong>C\u00daCUTA.-<\/strong> Desde hoy C\u00facuta respirar\u00e1 un nuevo aire con la puesta en marcha de las obras del proyecto centro comercial Jard\u00edn Plaza C\u00facuta, desarrollado por las compa\u00f1\u00edas portuguesa Sonae Sierra y la colombiana Central Control; reconocidas por la trayectoria y la experiencia en inversi\u00f3n, desarrollo y administraci\u00f3n de centros comerciales en el pa\u00eds y el exterior.<\/span><\/p>\n<p>El proyecto cuenta con una inversi\u00f3n de $ 185.000 millones, 43.000 metros de superficie bruta alquilable, construidos sobre un lote propio de 12 hect\u00e1reas con posibilidad de expansi\u00f3n. El centro comercial contar\u00e1 con una oferta variada y de calidad, con 180 tiendas, que albergar\u00e1n marcas internacionales, nacionales y locales, atendiendo las necesidades de los cucute\u00f1os y de la regi\u00f3n.<\/p>\n<p>Jard\u00edn Plaza C\u00facuta generar\u00e1 un positivo impacto econ\u00f3mico con 4500 oportunidades de trabajo. En la etapa de construcci\u00f3n se crear\u00e1n 1000 empleos entre directos e indirectos y 3500 cuando entre en funcionamiento.<\/p>\n<p>\u201cEstamos satisfechos con el inicio del proyecto, con el que queremos ofrecer a C\u00facuta y la regi\u00f3n una experiencia de compra y entretenimiento \u00fanica. Jard\u00edn Plaza C\u00facuta pondr\u00e1 a disposici\u00f3n una oferta comercial diversificada, convirti\u00e9ndose &nbsp;en una de las principales atracciones de la ciudad\u201d, dijo Tiago Eir\u00f3, gerente general de Sonae Sierra en Colombia.<\/p>\n<p>Juan Luis Restrepo, presidente de Central Control, afirm\u00f3 que \u201cJard\u00edn Plaza C\u00facuta se convertir\u00e1 en motor de desarrollo para la ciudad al atraer inversi\u00f3n a la capital del departamento y al volcar la atenci\u00f3n de Royal Films, hipermercado Ol\u00edmpica, juegos para ni\u00f1os Arkadia, Alkomprar o el gimnasio Fitness People, marcas que har\u00e1n presencia en la ciudad por primera vez. Adicionalmente, contar\u00e1 con la participaci\u00f3n de comercios locales de gran relevancia y tradici\u00f3n para los cucute\u00f1os\u201d.<\/p>\n<p>El centro comercial, cuya apertura se prev\u00e9 para finales de 2018, contar\u00e1 con una ubicaci\u00f3n estrat\u00e9gica sobre el anillo vial oriental de C\u00facuta. El dise\u00f1o de una sola planta lo convertir\u00e1 en el primer centro comercial a cielo abierto de la ciudad, inspirado en la naturaleza. Las plantas, el agua y las cubiertas suspendidas crear\u00e1n una atm\u00f3sfera tranquila y agradable para los visitantes.<\/p>\n<p>Jard\u00edn Plaza C\u00facuta operar\u00e1 bajo un modelo de concesi\u00f3n, el cual representar\u00e1 beneficio tanto para los clientes como para los comerciantes. Los visitantes tendr\u00e1n garantizado que tanto la administraci\u00f3n como los locales comerciales ofrecer\u00e1n el mejor servicio y las marcas encontrar\u00e1n en la administraci\u00f3n del centro comercial un aliado que les ayudar\u00e1 en la consecuci\u00f3n de las metas de negocio.<\/p>\n<p>Entre los servicios se encuentran:<\/p>\n<p>1.- Parqueadero gratuito con capacidad para 1400 carros y 400 motos<\/p>\n<p>2.- WiFi gratuito y seguridad privada las 24 horas del d\u00eda.<\/p>\n<p>3.- Dise\u00f1o arquitect\u00f3nico que ofrecer\u00e1 una interacci\u00f3n con el entorno natural<\/p>\n<p>4.- Zonas cubiertas, como la plazoleta de comidas y los pasillos, aspectos pensados para garantizar la comodidad de los visitantes sin importar el clima.<\/p>\n<p>El desarrollo del proyecto est\u00e1 basado en el concepto de sostenibilidad integral, adapt\u00e1ndose de manera responsable con el entorno social y ambiental. En el desarrollo del Plan Parcial fueron construidas amplias \u00e1reas verdes para disfrute de la comunidad que incluyen circuito peatonal, canchas deportivas, parque canino, ciclo ruta, unidades de juegos para adultos y juegos infantiles.<\/p>\n<p>Tambi\u00e9n, fueron conservados 30 \u00e1rboles nativos de gran edad y dimensi\u00f3n, ubicados en la zona donde se desarrollar\u00e1 el proyecto. Adem\u00e1s, se plantar\u00e1n alrededor de 7000 \u00e1rboles y una gran variedad de especies vegetales. <\/p>\n","protected":false},"excerpt":{"rendered":"<p>C\u00daCUTA.- Desde hoy C\u00facuta respirar\u00e1 un nuevo aire con la puesta en marcha de las obras del proyecto centro comercial Jard\u00edn Plaza C\u00facuta, desarrollado por las compa\u00f1\u00edas portuguesa Sonae Sierra y la colombiana Central Control; reconocidas por la trayectoria y la experiencia en inversi\u00f3n, desarrollo y administraci\u00f3n de centros comerciales en el pa\u00eds y el &hellip;<\/p>\n","protected":false},"author":1,"featured_media":31122,"comment_status":"open","ping_status":"open","sticky":false,"template":"","format":"standard","meta":{"footnotes":""},"categories":[45],"tags":[3882,2530,3881],"class_list":["post-31121","post","type-post","status-publish","format-standard","has-post-thumbnail","hentry","category-destacado","tag-central-control","tag-centro-comercial-jardin-plaza","tag-sonae-sierra"],"_links":{"self":[{"href":"https:\/\/contraluzcucuta.co\/index.php?rest_route=\/wp\/v2\/posts\/31121","targetHints":{"allow":["GET"]}}],"collection":[{"href":"https:\/\/contraluzcucuta.co\/index.php?rest_route=\/wp\/v2\/posts"}],"about":[{"href":"https:\/\/contraluzcucuta.co\/index.php?rest_route=\/wp\/v2\/types\/post"}],"author":[{"embeddable":true,"href":"https:\/\/contraluzcucuta.co\/index.php?rest_route=\/wp\/v2\/users\/1"}],"replies":[{"embeddable":true,"href":"https:\/\/contraluzcucuta.co\/index.php?rest_route=%2Fwp%2Fv2%2Fcomments&post=31121"}],"version-history":[{"count":1,"href":"https:\/\/contraluzcucuta.co\/index.php?rest_route=\/wp\/v2\/posts\/31121\/revisions"}],"predecessor-version":[{"id":31123,"href":"https:\/\/contraluzcucuta.co\/index.php?rest_route=\/wp\/v2\/posts\/31121\/revisions\/31123"}],"wp:featuredmedia":[{"embeddable":true,"href":"https:\/\/contraluzcucuta.co\/index.php?rest_route=\/wp\/v2\/media\/31122"}],"wp:attachment":[{"href":"https:\/\/contraluzcucuta.co\/index.php?rest_route=%2Fwp%2Fv2%2Fmedia&parent=31121"}],"wp:term":[{"taxonomy":"category","embeddable":true,"href":"https:\/\/contraluzcucuta.co\/index.php?rest_route=%2Fwp%2Fv2%2Fcategories&post=31121"},{"taxonomy":"post_tag","embeddable":true,"href":"https:\/\/contraluzcucuta.co\/index.php?rest_route=%2Fwp%2Fv2%2Ftags&post=31121"}],"curies":[{"name":"wp","href":"https:\/\/api.w.org\/{rel}","templated":true}]}}