{"id":31092,"date":"2017-10-31T16:21:29","date_gmt":"2017-10-31T21:21:29","guid":{"rendered":"http:\/\/contraluzcucuta.co\/?p=31092"},"modified":"2017-10-31T16:25:45","modified_gmt":"2017-10-31T21:25:45","slug":"cronica-en-mi-menor-yo-alterne-con-pepe-caceres-en-popayan-y-mate-un-novillo","status":"publish","type":"post","link":"https:\/\/contraluzcucuta.co\/?p=31092","title":{"rendered":"CR\u00d3NICA EN M\u00cd MENOR. Yo altern\u00e9 con Pepe C\u00e1ceres, en Popay\u00e1n, y mat\u00e9 un novillo"},"content":{"rendered":"<p style=\"padding-left: 30px;\"><span style=\"color: #ff6600;\"><strong>C\u00daCUTA.-<\/strong> Nac\u00ed en la zona cafetera, me cri\u00e9 en un pueblo cafetero y agr\u00edcola, ah\u00ed fue mi ni\u00f1ez y ah\u00ed quise ser torero. Me gustan los toros desde peque\u00f1ito. En la casa era el que manejaba el ganado, las gallinas, los caballos. Desde esa edad me gust\u00f3 producir para la casa y para el pa\u00eds. De ah\u00ed me llevaron a Cali, porque mi padre era empleado nacional y de libre remoci\u00f3n.<\/span><\/p>\n<p>A los 16 a\u00f1os, di con unos amigos que practicaban el toreo, me llevaron a la plaza de Cali y empec\u00e9 a hacer mis entrenamientos con \u2018Clavillazo\u2019, un torero c\u00f3mico. Ese fue mi primer profesor de la tauromaquia. Luego, hice relaci\u00f3n con novilleros profesionales y matadores de toros. Ah\u00ed empec\u00e9 mi carrera taurina.<\/p>\n<p>Tore\u00e9 en varios pueblos del departamento. En esa \u00e9poca era dif\u00edcil torear novillos de casta y lo que se toreaba era ganado criollo. Quer\u00eda matar un novillo de casta para saber qu\u00e9 sensaci\u00f3n se sent\u00eda. Hice una huelga de hambre de tres d\u00edas y me dieron la oportunidad de torear al lado de Enrique Vera \u2018El Quind\u00edo\u2019 y Marcos G\u00f3mez \u2018El Colombiano\u2019.<\/p>\n<p>A Dios gracias me fue bien, cort\u00e9 una oreja, sal\u00ed a hombros, porque la gente estaba con el torero de la huelga de hambre y quer\u00eda mirarlo c\u00f3mo era. Luego, tore\u00e9 en Cartagena, Ceret\u00e9 y los pueblos cercanos y regresamos a Cali. Luego fui a Manizales, Medell\u00edn y me dio por venirme para estos lares, en 1967. Estoy pr\u00f3ximo a cumplir 50 a\u00f1os de vivir en este hermoso departamento de Colombia.<\/p>\n<p>En aquella \u00e9poca todo mundo quer\u00eda irse a Espa\u00f1a, pero para hacerlo se necesitaba mucho dinero. Todav\u00eda se paga por torear en Espa\u00f1a. En aquella oportunidad ten\u00eda que comprar los dos toros, pagar la cuadrilla, pagar el transporte, pagar la estad\u00eda y pagarle al empresario para que lo pusiera a torear. Entonces, ten\u00eda que llevar un capital grande para gastar y si hab\u00eda un apoderado que se interesara lo explotaba por una cantidad de a\u00f1os para que le pagara lo invertido.<\/p>\n<p>La idea m\u00eda era ir a M\u00e9xico donde hab\u00eda m\u00e1s oportunidades para los colombianos.<\/p>\n<p>Afortunadamente, conoc\u00ed a la mayor\u00eda de las figuras del toreo. Paco Camino, Diego Puerta, Miguel Mateo \u2018Miguel\u00edn\u2019. Tuve la oportunidad de salir de sobresaliente de espadas de Pepe C\u00e1ceres, Joselillo de Colombia y El Cordob\u00e9s. Altern\u00e9 con ellos en Popay\u00e1n y mat\u00e9 un novillo.<\/p>\n<p>Entre los novilleros buenos estaban Fabio Serrato y otros que se me olvidan los nombres por el paso del tiempo. Desde 1964, ha corrido mucha agua por debajo del puente. Era una \u00e9poca hermosa, porque altern\u00e1bamos y \u00e9ramos uno solo. No hab\u00eda esa cuesti\u00f3n de \u2018hombre, quite a ese y ponga a este\u2019. El empresario era el que dec\u00eda \u2018va este, va este y va este\u2019. Tore\u00e1bamos cuatro, cinco, seis corridas por todas parte de Colombia.<\/p>\n<p>Miedo sentimos todos los seres humanos en el momento de iniciar una empresa. Aqu\u00ed, hay que concienciarse de que se va a poner delante de una fiera que no sabe c\u00f3mo va a embestir, ni c\u00f3mo va a salir del chiquero. Hay que aprender a dominar, en ese momento, ese miedo. Acabarlo de dominar con el primero o el segundo lance, porque ya sabe c\u00f3mo embiste, y empieza a ejecutar la faena como el toro se preste.<\/p>\n<p>Me sent\u00eda muy bien con la muleta, a pesar de que me encantaba torear con el capote, porque hay cualquier infinidad de lances. Pegaba las gaoneras, las chicuelinas, las ver\u00f3nicas, los delantales, las reboleras y las saltilleras. Hac\u00eda lo que el toro dejaba hacerse.&nbsp;&nbsp;<\/p>\n<p>Tuve tardes muy afortunadas y la que tengo en la cabeza es la del debut como novillero, cort\u00e9 una oreja y sal\u00ed a hombros. Despu\u00e9s, hubo tardes buenas. En Medell\u00edn, Armenia, Manizales cort\u00e9 orejas. Fui novillero profesional, no pas\u00e9 a \u2018doctor\u2019 por una cornada grave en la axila derecha que me lesion\u00f3 los tendones de la mano y cuando iba a matar me fallaba el pulso.<\/p>\n<p>El toro que siempre recuerdo es uno que me sali\u00f3 en Sincelejo. Todav\u00eda lo estoy matando. No me da pena decirlo. Era de la ganader\u00eda Calume, todav\u00eda estoy bregando a matarlo. No recuerdo como se llamaba, era mi tercera corrida como novillero. Dif\u00edcil de torear y dif\u00edcil de matar.<\/p>\n<p>Tengo seis costuras en el cuerpo. Dos en la quijada; una detr\u00e1s de la oreja izquierda, me cogieron 36 puntos; una en la espalda y dos en la pierna izquierda. Luego de la cornada sale uno al ruedo con m\u00e1s ganas. A uno lo hiere un toro y quiere que el m\u00e9dico lo cosa ligero para salir a torear. Eso nace con uno. Eso es como el que quiere ser m\u00e9dico, abogado o ingeniero, quiere su carrera, le ofrecen otra y dice \u2018no, quiero esta\u2019.<\/p>\n<p>En mi casa me molestaban mis hermanas. Me dec\u00edan \u2018vea que el toro lo va a matar\u2019. Respond\u00eda, \u2018pues bueno, si me mata, me entierran y listo, no hay problema\u2019. Tengo 25 a 30 a\u00f1os de haber dejado de torear, porque los hijos empezaron a molestar. Especialmente la mayor me dec\u00eda \u2018pap\u00e1, vea que a esa edad\u2026\u2019. Entonces, me dediqu\u00e9 a hacer negocios de toros, empresas en los pueblos. Las primeras figuras del toreo C\u00e9sar Rinc\u00f3n, \u2018El Cali\u2019, Bernando Valencia, las trajimos a una feria en Pamplona.&nbsp;<\/p>\n<p>En estos 50 a\u00f1os en Norte de Santander fui auditor especial de la Contralor\u00eda del Municipio en Tr\u00e1nsito, auditor auxiliar en las Empresas Municipales, esos son los cargos en los que he sido empleado. Toda la vida me gust\u00f3 ser solo, no tener patrones, por eso quise ser torero, sab\u00eda a qu\u00e9 horas ten\u00eda que levantarme, acostarme y qu\u00e9 hacer.<\/p>\n<p>Un buen amigo me ayud\u00f3 a conseguir un localito en la Plaza de Ferias hasta cuando se cerr\u00f3. Desde ese momento he estado pedaleando sin cadena, porque tengo 74 a\u00f1os y en este pa\u00eds un hombre de 35 no sirve para nada. Aqu\u00ed en Colombia los viejos no servimos para nada.<\/p>\n<p>Tuve cuatro vestidos de novillero. En esa \u00e9poca un traje de luces pod\u00eda conseguirse en $ 3000, pero para conseguir esa cantidad, en 1964, era dif\u00edcil. Uno ten\u00eda que hacerse amigo-amigo del mozo de espadas del matador y amigo-amigo del matador para peg\u00e1rsele. Si les ca\u00eda bien pod\u00edan regalarlo o venderlo barato. No guardo ninguno. El que ten\u00eda lo vend\u00ed para un museo taurino en una tasca en Chin\u00e1cota. Vend\u00ed la montera y hasta las medias. Me gustaban el verde y el obispo, eran los colores preferidos, porque dan mucha plaza, dan presencia.<\/p>\n<p>Tengo ratico de no ir a una corrida de toros, porque tuve un problema familiar grave y casi no puedo resolverlo. Se me fue la moral para el piso y no quer\u00eda saber nada de nada, ni de amigos, porque cuando los necesit\u00e9 me voltearon la espalda.<\/p>\n<p>Todav\u00eda me dan ganas de volver al ruedo y si hay oportunidad le pego uno, dos lances, con eso queda uno como si hubiera toreado la corrida completa. El toro no pide edad. Las corridas son una tradici\u00f3n que nos dej\u00f3 Espa\u00f1a.<\/p>\n<p><strong>RAFAEL ANTONIO PAB\u00d3N<\/strong><\/p>\n<p><strong><a href=\"mailto:rafaelpabon58@hotmail.com\">rafaelpabon58@hotmail.com<\/a><\/strong> <\/p>\n","protected":false},"excerpt":{"rendered":"<p>C\u00daCUTA.- Nac\u00ed en la zona cafetera, me cri\u00e9 en un pueblo cafetero y agr\u00edcola, ah\u00ed fue mi ni\u00f1ez y ah\u00ed quise ser torero. Me gustan los toros desde peque\u00f1ito. En la casa era el que manejaba el ganado, las gallinas, los caballos. Desde esa edad me gust\u00f3 producir para la casa y para el pa\u00eds. &hellip;<\/p>\n","protected":false},"author":1,"featured_media":31096,"comment_status":"open","ping_status":"open","sticky":false,"template":"","format":"standard","meta":{"footnotes":""},"categories":[17,3691,4],"tags":[2929,3692,3445,3878],"class_list":["post-31092","post","type-post","status-publish","format-standard","has-post-thumbnail","hentry","category-conversaciones-a-contraluz","category-cronicas-en-mi-menor","category-barra","tag-conversaciones-a-contraluz","tag-cronicas-en-mi-menor","tag-tauromaquia-en-colombia","tag-toreros-colombianos"],"_links":{"self":[{"href":"https:\/\/contraluzcucuta.co\/index.php?rest_route=\/wp\/v2\/posts\/31092","targetHints":{"allow":["GET"]}}],"collection":[{"href":"https:\/\/contraluzcucuta.co\/index.php?rest_route=\/wp\/v2\/posts"}],"about":[{"href":"https:\/\/contraluzcucuta.co\/index.php?rest_route=\/wp\/v2\/types\/post"}],"author":[{"embeddable":true,"href":"https:\/\/contraluzcucuta.co\/index.php?rest_route=\/wp\/v2\/users\/1"}],"replies":[{"embeddable":true,"href":"https:\/\/contraluzcucuta.co\/index.php?rest_route=%2Fwp%2Fv2%2Fcomments&post=31092"}],"version-history":[{"count":3,"href":"https:\/\/contraluzcucuta.co\/index.php?rest_route=\/wp\/v2\/posts\/31092\/revisions"}],"predecessor-version":[{"id":31098,"href":"https:\/\/contraluzcucuta.co\/index.php?rest_route=\/wp\/v2\/posts\/31092\/revisions\/31098"}],"wp:featuredmedia":[{"embeddable":true,"href":"https:\/\/contraluzcucuta.co\/index.php?rest_route=\/wp\/v2\/media\/31096"}],"wp:attachment":[{"href":"https:\/\/contraluzcucuta.co\/index.php?rest_route=%2Fwp%2Fv2%2Fmedia&parent=31092"}],"wp:term":[{"taxonomy":"category","embeddable":true,"href":"https:\/\/contraluzcucuta.co\/index.php?rest_route=%2Fwp%2Fv2%2Fcategories&post=31092"},{"taxonomy":"post_tag","embeddable":true,"href":"https:\/\/contraluzcucuta.co\/index.php?rest_route=%2Fwp%2Fv2%2Ftags&post=31092"}],"curies":[{"name":"wp","href":"https:\/\/api.w.org\/{rel}","templated":true}]}}