{"id":31075,"date":"2017-10-29T16:46:35","date_gmt":"2017-10-29T21:46:35","guid":{"rendered":"http:\/\/contraluzcucuta.co\/?p=31075"},"modified":"2017-10-29T16:46:35","modified_gmt":"2017-10-29T21:46:35","slug":"cucuta-de-moda-pasarela-para-calzado-confecciones-accesorios-y-artesanias","status":"publish","type":"post","link":"https:\/\/contraluzcucuta.co\/?p=31075","title":{"rendered":"\u2018C\u00daCUTA DE MODA\u2019. Pasarela para calzado, confecciones, accesorios y artesan\u00edas"},"content":{"rendered":"<p style=\"padding-left: 30px;\"><span style=\"color: #ff6600;\"><strong>C\u00daCUTA.-<\/strong> \u2018C\u00facuta de Moda Por Un Norte Productivo\u2019 impulsar\u00e1 la marca \u2018Somos Norte\u2019, por medio de la muestra empresarial conformada por 35 estantes y dos pasarelas estelares. Modelar\u00e1n 32 marcas de los sectores econ\u00f3micos del calzado, confecciones, accesorios, artesan\u00edas, construcci\u00f3n y tecnolog\u00eda.<\/span><\/p>\n<p>El proyecto tiene como finalidad dar la oportunidad de comercializar, exponer y vender en esta etapa de crisis que afronta la ciudad. Permitir\u00e1 crear alianzas comerciales con m\u00e1s de 10 invitados del pa\u00eds y cientos de visitantes de C\u00facuta y el \u00c1rea Metropolitana.<\/p>\n<p>\u201cEsperamos la participaci\u00f3n de muchas personas para que puedan admirar y adquirir lo mejor del calzado y de la moda&#8221;, dijo el gobernador, William Villamizar.<\/p>\n<p>La actividad se cumplir\u00e1, entre el 8 y el 9 de noviembre, en la biblioteca p\u00fablica \u2018Julio P\u00e9rez Ferrero\u2019. \u201cEsta es la mejor manera de darle un gran espaldarazo al empresario, al productor de Norte de Santander\u201d, dijo el secretario de Desarrollo Econ\u00f3mico, Leonel Rodr\u00edguez.<\/p>\n<p>Entre las disposiciones especiales destacan:<\/p>\n<p>1.- La muestra empresarial estar\u00e1 abierta al p\u00fablico con entrada gratuita de 9:00 de la ma\u00f1ana a 6:00 de la tarde<\/p>\n<p>2.- Habr\u00e1 plazoleta de comidas<\/p>\n<p>3.- Las pasarelas iniciar\u00e1n a las 7:00 de la noche.<\/p>\n<p>4.- Exposici\u00f3n de los dise\u00f1adores &nbsp;Alfredo Barraza y \u00c1ngel Y\u00e1\u00f1ez, el 9 de noviembre.<\/p>\n<p>La Corporaci\u00f3n de Industriales del Calzado, Corpoincal, Corpomoda, Acicam y Artesan\u00edas de Colombia tendr\u00e1n muestras de las mejores creaciones. <\/p>\n","protected":false},"excerpt":{"rendered":"<p>C\u00daCUTA.- \u2018C\u00facuta de Moda Por Un Norte Productivo\u2019 impulsar\u00e1 la marca \u2018Somos Norte\u2019, por medio de la muestra empresarial conformada por 35 estantes y dos pasarelas estelares. Modelar\u00e1n 32 marcas de los sectores econ\u00f3micos del calzado, confecciones, accesorios, artesan\u00edas, construcci\u00f3n y tecnolog\u00eda. El proyecto tiene como finalidad dar la oportunidad de comercializar, exponer y vender &hellip;<\/p>\n","protected":false},"author":1,"featured_media":31076,"comment_status":"open","ping_status":"open","sticky":false,"template":"","format":"standard","meta":{"footnotes":""},"categories":[4,2630],"tags":[3873,379],"class_list":["post-31075","post","type-post","status-publish","format-standard","has-post-thumbnail","hentry","category-barra","category-gobernacion","tag-cucuta-de-moda","tag-gobernacion-de-norte-de-santander"],"_links":{"self":[{"href":"https:\/\/contraluzcucuta.co\/index.php?rest_route=\/wp\/v2\/posts\/31075","targetHints":{"allow":["GET"]}}],"collection":[{"href":"https:\/\/contraluzcucuta.co\/index.php?rest_route=\/wp\/v2\/posts"}],"about":[{"href":"https:\/\/contraluzcucuta.co\/index.php?rest_route=\/wp\/v2\/types\/post"}],"author":[{"embeddable":true,"href":"https:\/\/contraluzcucuta.co\/index.php?rest_route=\/wp\/v2\/users\/1"}],"replies":[{"embeddable":true,"href":"https:\/\/contraluzcucuta.co\/index.php?rest_route=%2Fwp%2Fv2%2Fcomments&post=31075"}],"version-history":[{"count":1,"href":"https:\/\/contraluzcucuta.co\/index.php?rest_route=\/wp\/v2\/posts\/31075\/revisions"}],"predecessor-version":[{"id":31077,"href":"https:\/\/contraluzcucuta.co\/index.php?rest_route=\/wp\/v2\/posts\/31075\/revisions\/31077"}],"wp:featuredmedia":[{"embeddable":true,"href":"https:\/\/contraluzcucuta.co\/index.php?rest_route=\/wp\/v2\/media\/31076"}],"wp:attachment":[{"href":"https:\/\/contraluzcucuta.co\/index.php?rest_route=%2Fwp%2Fv2%2Fmedia&parent=31075"}],"wp:term":[{"taxonomy":"category","embeddable":true,"href":"https:\/\/contraluzcucuta.co\/index.php?rest_route=%2Fwp%2Fv2%2Fcategories&post=31075"},{"taxonomy":"post_tag","embeddable":true,"href":"https:\/\/contraluzcucuta.co\/index.php?rest_route=%2Fwp%2Fv2%2Ftags&post=31075"}],"curies":[{"name":"wp","href":"https:\/\/api.w.org\/{rel}","templated":true}]}}