{"id":31066,"date":"2017-10-29T15:15:33","date_gmt":"2017-10-29T20:15:33","guid":{"rendered":"http:\/\/contraluzcucuta.co\/?p=31066"},"modified":"2017-10-29T15:15:33","modified_gmt":"2017-10-29T20:15:33","slug":"notas-al-margen-cuales-son-las-propuestas-y-las-actitudes-para-el-cambio","status":"publish","type":"post","link":"https:\/\/contraluzcucuta.co\/?p=31066","title":{"rendered":"NOTAS AL MARGEN. \u00bfCu\u00e1les son las propuestas y\u00a0 las actitudes para el cambio?"},"content":{"rendered":"<p style=\"padding-left: 30px;\"><span style=\"color: #ff6600;\">1.-Que a C\u00facuta, a la&nbsp; regi\u00f3n y a la frontera les falta un reencuentro y una reorganizaci\u00f3n para que su accionar sea positivo y&nbsp; se le d\u00e9 comienzo a una vivencia ocupacional y colectiva, mediante la presencia y participaci\u00f3n m\u00e1s activa y visionaria de los que constituyen su&nbsp; esencia, es una necesidad que cada d\u00eda toma m\u00e1s fuerza, porque en verdad el decaimiento, la indiferencia, la apat\u00eda y la carencia de hechos conductores est\u00e1n vulnerando, y seriamente, toda la estructura&nbsp; funcional y operativa de una faja territorial conformada por miles&nbsp; de personas que contemplan con asombro que el debilitamiento y la ausencia de avances y de logros constructivos ante la continuidad del problema fronterizo, el&nbsp; cierre de almacenes, el aumento del desempleo, el clamor de la inseguridad, la inoperancia directiva y el continuo&nbsp; \u201cdejar para ma\u00f1ana\u201d la decisi\u00f3n de encarar los problemas.<\/span><\/p>\n<p>El observar la acumulaci\u00f3n de dificultades y la no adopci\u00f3n de medidas, no obstante las inquietudes y las sugerencias que se plantean, porque hay una evidente y notoria crisis en el comportamiento y la diligencia de quienes constituyen el equipo rector y directivo,&nbsp; y en la mismas fuerzas vivas, que&nbsp; de manera inequ\u00edvoca se sienten abandonadas a su suerte, porque el centralismo no les otorga atenci\u00f3n y nadie se beneficia, porque lo que&nbsp; hay es un continuado suspenso y un&nbsp; arar con el viento.<\/p>\n<p>Situaci\u00f3n que exige una reacci\u00f3n interna y unos pasos firmes y revitalizadores que permitan un accionar unificado, mediante una gesti\u00f3n asociativa que sea sincera y dispuesta al hallazgo de un&nbsp; futuro alentador y constructivo, con bienestar para todos.&nbsp;<\/p>\n<p>2.- Adem\u00e1s, porque&nbsp; para lograr y estructurar un proceso de cambio y una verdadera trasformaci\u00f3n que llegue a todos los estratos de la sociedad y se genere el desarrollo que no estamos contemplando, es inaplazable convocar, promover y modificar la composici\u00f3n de los cuadros rectores, con&nbsp; nuevos y capacitados&nbsp; exponentes y que defiendan claras y precisas argumentaciones en pro del desarrollo y defensa&nbsp; de la comunidad cucute\u00f1a, regional y fronteriza, que no puede&nbsp; seguir dependiendo de la inoperancia y el olvido en la toma de determinaciones y actitudes que faciliten el logro de resultados edificantes e impulsores de progreso.<\/p>\n<p>El Senado y la C\u00e1mara de Representantes, la&nbsp; composici\u00f3n de las organizaciones y corporaciones p\u00fablicas y privadas, correspondientes al manejo administrativo y cohesi\u00f3n de entendimientos, as\u00ed como el manejo y la direcci\u00f3n de lo concerniente a docencia, educaci\u00f3n, investigaci\u00f3n, innovaci\u00f3n&nbsp; y&nbsp; capacitaci\u00f3n, deben tener prioridad, si en verdad se quiere una modificaci\u00f3n de usos y costumbres, con irrupci\u00f3n de nuevos e impulsadores planes, programas y proyectos.<\/p>\n<p>3.- Pero, para que se hagan y consoliden las acciones y los pasos que son indispensables, es requisito impostergable que nazca y se&nbsp; adopte un serio y elocuente camino hacia la sinceridad en la acci\u00f3n y el prop\u00f3sito firme de servirle y amar a C\u00facuta, la regi\u00f3n y la frontera, con dedicaci\u00f3n y en procura de una colectividad poblacional, que asuma una conducta trasformadora de car\u00e1cter permanente y revitalizador.&nbsp; Pensar que el cambio se genera sin uni\u00f3n ni&nbsp; hacer nada&nbsp; y esperando&nbsp; que las aspiraciones y logros se obtengan sin renovar cuadros y mejorar consignas, es&nbsp; tanto como seguir creyendo que se necesitan incentivos, est\u00edmulos, mecanismos y metas para el corto, mediano y largo plazos, pero que pueden esperar.<\/p>\n<p>Por eso, en la hora de ahora, vale insistir preguntando \u00bfCu\u00e1les son los candidatos y los aspirantes renovadores en los partidos pol\u00edticos y en los gremios, para sus directivos y ejecutores? \u00bfCu\u00e1les, los candidatos a Gobernador y Alcaldes? \u00bfCu\u00e1les, las iniciativas, los planes y las propuestas? \u00bfQui\u00e9nes respaldan y acompa\u00f1an?<\/p>\n<p><strong>JOS\u00c9&nbsp; NEIRA REY<\/strong><\/p>\n<p><a href=\"mailto:jneirarey@hotmail.com\">jneirarey@hotmail.com<\/a> <\/p>\n","protected":false},"excerpt":{"rendered":"<p>1.-Que a C\u00facuta, a la&nbsp; regi\u00f3n y a la frontera les falta un reencuentro y una reorganizaci\u00f3n para que su accionar sea positivo y&nbsp; se le d\u00e9 comienzo a una vivencia ocupacional y colectiva, mediante la presencia y participaci\u00f3n m\u00e1s activa y visionaria de los que constituyen su&nbsp; esencia, es una necesidad que cada d\u00eda &hellip;<\/p>\n","protected":false},"author":1,"featured_media":31067,"comment_status":"open","ping_status":"open","sticky":false,"template":"","format":"standard","meta":{"footnotes":""},"categories":[14,4],"tags":[],"class_list":["post-31066","post","type-post","status-publish","format-standard","has-post-thumbnail","hentry","category-articulistas","category-barra"],"_links":{"self":[{"href":"https:\/\/contraluzcucuta.co\/index.php?rest_route=\/wp\/v2\/posts\/31066","targetHints":{"allow":["GET"]}}],"collection":[{"href":"https:\/\/contraluzcucuta.co\/index.php?rest_route=\/wp\/v2\/posts"}],"about":[{"href":"https:\/\/contraluzcucuta.co\/index.php?rest_route=\/wp\/v2\/types\/post"}],"author":[{"embeddable":true,"href":"https:\/\/contraluzcucuta.co\/index.php?rest_route=\/wp\/v2\/users\/1"}],"replies":[{"embeddable":true,"href":"https:\/\/contraluzcucuta.co\/index.php?rest_route=%2Fwp%2Fv2%2Fcomments&post=31066"}],"version-history":[{"count":1,"href":"https:\/\/contraluzcucuta.co\/index.php?rest_route=\/wp\/v2\/posts\/31066\/revisions"}],"predecessor-version":[{"id":31070,"href":"https:\/\/contraluzcucuta.co\/index.php?rest_route=\/wp\/v2\/posts\/31066\/revisions\/31070"}],"wp:featuredmedia":[{"embeddable":true,"href":"https:\/\/contraluzcucuta.co\/index.php?rest_route=\/wp\/v2\/media\/31067"}],"wp:attachment":[{"href":"https:\/\/contraluzcucuta.co\/index.php?rest_route=%2Fwp%2Fv2%2Fmedia&parent=31066"}],"wp:term":[{"taxonomy":"category","embeddable":true,"href":"https:\/\/contraluzcucuta.co\/index.php?rest_route=%2Fwp%2Fv2%2Fcategories&post=31066"},{"taxonomy":"post_tag","embeddable":true,"href":"https:\/\/contraluzcucuta.co\/index.php?rest_route=%2Fwp%2Fv2%2Ftags&post=31066"}],"curies":[{"name":"wp","href":"https:\/\/api.w.org\/{rel}","templated":true}]}}