{"id":31063,"date":"2017-10-29T12:25:21","date_gmt":"2017-10-29T17:25:21","guid":{"rendered":"http:\/\/contraluzcucuta.co\/?p=31063"},"modified":"2017-10-29T15:11:56","modified_gmt":"2017-10-29T20:11:56","slug":"mano-mano-con-alvarez-al-cucuta-lo-conozco-por-la-copa-libertadores-del-2007","status":"publish","type":"post","link":"https:\/\/contraluzcucuta.co\/?p=31063","title":{"rendered":"MANO A MANO CON \u00c1LVAREZ. Al C\u00facuta lo conozco por la Copa Libertadores del 2007"},"content":{"rendered":"<p style=\"padding-left: 30px;\"><span style=\"color: #ff6600;\"><strong>C\u00daCUTA.-<\/strong> Cristian Marcelo \u00c1lvarez naci\u00f3 en Argentina,&nbsp; futbol\u00edsticamente se hizo en Boca Juniors y lleg\u00f3 al C\u00facuta Deportivo motivado por lo que vio del equipo rojinegro en la memorable participaci\u00f3n en la Copa Libertadores del 2007. Entre las metas trazadas con la camisa rojinegra est\u00e1 ascender al once motil\u00f3n. Pas\u00f3 por las ligas de Argentina y Chile.<\/span><\/p>\n<p><strong>\u00bfD\u00f3nde naci\u00f3 Cristi\u00e1n \u00c1lvarez?<\/strong><\/p>\n<p>Nac\u00ed en Trequen Lauquen, a 500 kil\u00f3metros de la Capital Federal. Viv\u00ed hasta los 11 a\u00f1os y despu\u00e9s me fui a la pensi\u00f3n de Boca.<\/p>\n<p><strong>\u00bfA qu\u00e9 edad empez\u00f3 a practicar futbol y con qu\u00e9 equipo?<\/strong><\/p>\n<p>Arranqu\u00e9 desde muy chiquito. A los 5 a\u00f1os, en un equipo de mi ciudad y a los 11 me fui a vivir a la pensi\u00f3n de Boca. Hice todas las inferiores ah\u00ed y estuve hasta los 24 a\u00f1os.<\/p>\n<p><strong>\u00bfRecuerda su primer partido como profesional?<\/strong><\/p>\n<p>S\u00ed. Fue contra Racing, en cancha de ellos. Ganamos dos a cero, fue el 20 de mayo del 2012<\/p>\n<p><strong>\u00bfQu\u00e9 paso por su cabeza antes de debutar contra Racing?<\/strong><\/p>\n<p>El sacrificio que uno hab\u00eda hecho en los a\u00f1os que viv\u00eda en la pensi\u00f3n, lejos de mi familia, de mi ciudad y de mis amigos. Eso es lo que se viene a la cabeza. Tambi\u00e9n, en&nbsp; los a\u00f1os en los que pas\u00e9 momentos dif\u00edciles y al final todo vali\u00f3 la pena.<\/p>\n<p><strong>\u00bfQu\u00e9 tanto aport\u00f3 Boca en el \u00e1mbito personal?<\/strong><\/p>\n<p>Pr\u00e1cticamente, me cri\u00e9 ah\u00ed. Hice la secundaria, mi carrera futbol\u00edstica, los 12 o13 a\u00f1os no jugando f\u00fatbol profesional sino como parte de las inferiores. Eso pas\u00f3, estoy en otra etapa y solo queda mirar para adelante.<\/p>\n<p><strong>\u00bfC\u00f3mo lleg\u00f3 al Antofagasta en Chile?<\/strong><\/p>\n<p>Me contact\u00f3 &nbsp;un amigo que hab\u00eda jugado conmigo en Boca. Estaba en Chile, conoc\u00eda al t\u00e9cnico, quien pidi\u00f3 referencias m\u00edas, as\u00ed que dur\u00f3 menos de una semana para acomodarnos y cerrar el tema. Pas\u00f3 todo muy r\u00e1pido. Fue mi primera experiencia fuera del pa\u00eds.<\/p>\n<p><strong>\u00bfEl Gol m\u00e1s bonito que haya marcado en su carrera?<\/strong><\/p>\n<p>En un amistoso, jugaba para Boca contra Anzo\u00e1tegui (Venezuela). Clemente Rodr\u00edguez tir\u00f3 el centro, llego por el segundo palo y la agarro de volea.<\/p>\n<p><strong>\u00bfComparti\u00f3 cancha con Juan Rom\u00e1n Riquelme?<\/strong><\/p>\n<p>No compartimos cancha, pero cuando iba de titular yo estaba en el banco. Compartimos entrenamientos y concentraciones. Estuvimos un semestre.<\/p>\n<p><strong>\u00bfJuan Rom\u00e1n Riquelme como persona como lo puedes describir? <\/strong><\/p>\n<p>La verdad, conmigo y con los chicos que estaban en ese momento en las inferiores, siempre se preocupaba. No tengo nada malo para decir. Si bien no fue mucho el semestre que compart\u00ed me quedaron buenas referencias.<\/p>\n<p><strong>\u00bfQu\u00e9 lo hace diferente al hincha de Boca de las dem\u00e1s hinchadas de Argentina?<\/strong><\/p>\n<p>El hincha argentino es pasional, pero el de Boca es diferente a todos. La Bombonera es algo \u00fanico, disfrut\u00e9 mucho estar ah\u00ed. Pienso que eso pas\u00f3, que estoy en otra etapa de mi vida y que tengo que dejar esos recuerdos, concentrarme en donde estoy y en lo que viene.<\/p>\n<p><strong>\u00bfQu\u00e9 recuerdas de tu paso por All Boys? <\/strong><\/p>\n<p>Sal\u00ed de Boca y el primer equipo al que voy es a All Boys. Lo mejor de ese equipo era el grupo, uno de los mejores grupos que me ha tocado conformar junto con el del equipo Palestino (Chile). En cuanto a lo humano y lo externo a lo futbol\u00edstico, no tuvimos la suerte de hacerlo futbol\u00edsticamente. Lo m\u00e1s bonito que qued\u00f3 es el grupo que se form\u00f3 en ese 2013.<\/p>\n<p><strong>Despu\u00e9s a Palestino, en la liga Chilena, \u00bfque ten\u00eda ese grupo de diferente a los dem\u00e1s? <\/strong><\/p>\n<p>Era uno de los extranjeros, conmigo hab\u00eda dos argentinos y uno que otro uruguayo. De verdad que el grupo era bueno, ten\u00edamos buen equipo futbol\u00edsticamente y por fuera de la cancha \u00e9ramos todos buenos amigos. Todav\u00eda mantengo comunicaci\u00f3n con ellos, incluso tenemos&nbsp; un grupo en Whatsapp. Eso quiere decir que no tan solo eran compa\u00f1eros, sino que se convirtieron en amigos. Eso tambi\u00e9n lo rescato, porque dentro de un equipo de f\u00fatbol, generalmente, es dif\u00edcil encontrar un grupo en el que todos se lleven bien con todos. Eso fue lo bueno con Palestino, me quedo con eso, con las buenas personas que hab\u00eda en ese momento.<\/p>\n<p><strong>\u00bfQue tiene la Liga colombiana que la haga diferente a la chilena y a la argentina?<\/strong><\/p>\n<p>Las ligas argentina y chilena son diferentes. El torneo argentino siempre se caracteriz\u00f3 por ser un f\u00fatbol aguerrido, de mucho contacto f\u00edsico. La chilena ten\u00edas un poco m\u00e1s de espacio, te dejaban jugar. La colombiana es similar con la chilena, hay espacios, te dejan recibir la pelota, no es tan din\u00e1mico como el f\u00fatbol argentino. Esas dos son las diferencias que hay entre estas ligas.<\/p>\n<p><strong>\u00bfC\u00f3mo lleg\u00f3 al C\u00facuta Deportivo?<\/strong><\/p>\n<p>Bueno, me trajo mi representante. Mario Capolare es conocido del presidente del club, hizo contacto, enviaron videos m\u00edos, gust\u00e9 y ac\u00e1 estoy.<\/p>\n<p><strong>\u00bfQu\u00e9 lo motiv\u00f3 para decirle S\u00cd al C\u00facuta Deportivo?<\/strong><\/p>\n<p>Primero, el objetivo principal que es el ascenso.&nbsp; Al C\u00facuta lo conozco por la Copa Libertadores que jug\u00f3 en el 2007 contra Boca. Cuando uno viene a un equipo de estos quiero jugar, gracias a Dios lo estoy haciendo. Segundo, encontrar el objetivo grupal que es ascender y dejarlo al C\u00facuta en la A qu\u00e9 es lo que merece.<\/p>\n<p><strong>\u00bfLo motiva seguir con el club si asciende?<\/strong><\/p>\n<p>S\u00ed. Tengo contrato hasta diciembre con el club. Mi representante ha recibido ofertas no formales, pero ha habido rumores. En diciembre, ver\u00e9 lo que es conveniente para el club, para m\u00ed, para mi empresario y basados en eso veremos qu\u00e9 se hace<\/p>\n<p><strong>\u00bfQu\u00e9 se le puede decir&nbsp; al hincha cucute\u00f1o?<\/strong><\/p>\n<p>Que nos tenga fe como la ha tenido, que venga al estadio a apoyar como lo ha hecho. Nosotros en el campo de juego vamos a dar lo mejor. A veces las cosas salen, otras veces no, pero que se quede tranquilo que este es un equipo en el que hay grandes jugadores y que seguro vamos a pelear un puesto por el ascenso.<\/p>\n<p><strong>\u00bfC\u00f3mo Utiliza su tiempo libre cuando no est\u00e1 con el equipo?<\/strong><\/p>\n<p>Bueno, fui pap\u00e1 hace menos de dos meses, as\u00ed que&nbsp; disfruto de mi primer hijo con mi se\u00f1ora. Disfrutamos al m\u00e1ximo, salimos a veces &nbsp;en un plan tranquilo, m\u00e1s que nada por el beb\u00e9.<\/p>\n<p><strong>\u00bfCu\u00e1ndo sale con su familia c\u00f3mo los recibe la gente? \u00bfHay muchos saludos, fotos y aut\u00f3grafos?<\/strong><\/p>\n<p>S\u00ed. A veces hay fotos, uno que otro saludo, pero de verdad que es una ciudad tranquila. Puedo salir con mi se\u00f1ora, porque la gente de una manera respetuosa se acerca, as\u00ed que en ese sentido me siento bien.<\/p>\n<p><strong>\u00bfC\u00f3mo va la adaptaci\u00f3n con el clima?<\/strong><\/p>\n<p>Al principio cost\u00f3 un poco, ven\u00edamos de pasar del fr\u00edo, de la altura, al calor, pero eso solo lleva 10 d\u00edas o una semana acostumbrarse. Hoy, estoy adaptado a lo que es el clima cucute\u00f1o. Sinceramente, no me gusta el calor, prefiero el fr\u00edo.<\/p>\n<p><strong>\u00bfJugador referente que tiene desde ni\u00f1o?<\/strong><\/p>\n<p>Riquelme<\/p>\n<p><strong>\u00bfTiene amuleto o c\u00e1bala?<\/strong><\/p>\n<p>No<\/p>\n<p><strong>\u00bfCopa Libertadores o Liga de Campeones?<\/strong><\/p>\n<p>Copa Libertadores.<\/p>\n<p>&nbsp;<\/p>\n<p><strong>JORDY ORLANDO CRUZ<\/strong> <\/p>\n","protected":false},"excerpt":{"rendered":"<p>C\u00daCUTA.- Cristian Marcelo \u00c1lvarez naci\u00f3 en Argentina,&nbsp; futbol\u00edsticamente se hizo en Boca Juniors y lleg\u00f3 al C\u00facuta Deportivo motivado por lo que vio del equipo rojinegro en la memorable participaci\u00f3n en la Copa Libertadores del 2007. Entre las metas trazadas con la camisa rojinegra est\u00e1 ascender al once motil\u00f3n. Pas\u00f3 por las ligas de Argentina &hellip;<\/p>\n","protected":false},"author":1,"featured_media":31064,"comment_status":"open","ping_status":"open","sticky":false,"template":"","format":"standard","meta":{"footnotes":""},"categories":[4,28],"tags":[3872,192],"class_list":["post-31063","post","type-post","status-publish","format-standard","has-post-thumbnail","hentry","category-barra","category-vistazo-deportivo","tag-cristian-alvarez","tag-cucuta-deportivo"],"_links":{"self":[{"href":"https:\/\/contraluzcucuta.co\/index.php?rest_route=\/wp\/v2\/posts\/31063","targetHints":{"allow":["GET"]}}],"collection":[{"href":"https:\/\/contraluzcucuta.co\/index.php?rest_route=\/wp\/v2\/posts"}],"about":[{"href":"https:\/\/contraluzcucuta.co\/index.php?rest_route=\/wp\/v2\/types\/post"}],"author":[{"embeddable":true,"href":"https:\/\/contraluzcucuta.co\/index.php?rest_route=\/wp\/v2\/users\/1"}],"replies":[{"embeddable":true,"href":"https:\/\/contraluzcucuta.co\/index.php?rest_route=%2Fwp%2Fv2%2Fcomments&post=31063"}],"version-history":[{"count":2,"href":"https:\/\/contraluzcucuta.co\/index.php?rest_route=\/wp\/v2\/posts\/31063\/revisions"}],"predecessor-version":[{"id":31069,"href":"https:\/\/contraluzcucuta.co\/index.php?rest_route=\/wp\/v2\/posts\/31063\/revisions\/31069"}],"wp:featuredmedia":[{"embeddable":true,"href":"https:\/\/contraluzcucuta.co\/index.php?rest_route=\/wp\/v2\/media\/31064"}],"wp:attachment":[{"href":"https:\/\/contraluzcucuta.co\/index.php?rest_route=%2Fwp%2Fv2%2Fmedia&parent=31063"}],"wp:term":[{"taxonomy":"category","embeddable":true,"href":"https:\/\/contraluzcucuta.co\/index.php?rest_route=%2Fwp%2Fv2%2Fcategories&post=31063"},{"taxonomy":"post_tag","embeddable":true,"href":"https:\/\/contraluzcucuta.co\/index.php?rest_route=%2Fwp%2Fv2%2Ftags&post=31063"}],"curies":[{"name":"wp","href":"https:\/\/api.w.org\/{rel}","templated":true}]}}