{"id":31045,"date":"2017-10-25T17:16:43","date_gmt":"2017-10-25T22:16:43","guid":{"rendered":"http:\/\/contraluzcucuta.co\/?p=31045"},"modified":"2017-10-25T20:26:20","modified_gmt":"2017-10-26T01:26:20","slug":"cucuta-la-gran-ciudad-libro-con-la-identidad-de-la-capital-de-norte-de-santander","status":"publish","type":"post","link":"https:\/\/contraluzcucuta.co\/?p=31045","title":{"rendered":"\u2018C\u00daCUTA, LA GRAN CIUDAD\u2019. Libro con la identidad de la capital de Norte de Santander"},"content":{"rendered":"<p style=\"padding-left: 30px;\"><strong>C\u00daCUTA.-<\/strong> La organizaci\u00f3n Pedagog\u00eda, Cultura y Paz presenta, en acto especial programado por la Gobernaci\u00f3n de Norte Santander, el libro \u2018C\u00facuta, la gran ciudad\u2019, publicado recientemente. &nbsp;La producci\u00f3n estuvo a cargo de &nbsp;los periodistas Sixta Tulia Hern\u00e1ndez, Patricia Giraldo y Cicer\u00f3n Fl\u00f3rez Moya.<\/p>\n<p>La obra consta de 210 p\u00e1ginas y los temas del contenido est\u00e1n ilustrados con fotograf\u00edas a color. Algunos cap\u00edtulos del libro son:<\/p>\n<p>1.- La historia, desde la fundaci\u00f3n, con sus hechos y protagonistas relevantes<\/p>\n<p>2.- El desarrollo urbano, el auge comercial y los otros componentes de la econom\u00eda local<\/p>\n<p>3.- La educaci\u00f3n, &nbsp;la cultura y el deporte<\/p>\n<p>4.- La gastronom\u00eda.<\/p>\n<p>En conjunto es la identidad de la ciudad.<\/p>\n<p>Los autores explicaron que \u201cpara emprender este proyecto hemos tomado en cuenta que C\u00facuta es una ciudad que debe tener un mayor nivel de visibilidad en el conjunto urbano de la naci\u00f3n, con la importancia que ha consolidado y por sus nuevas posibilidades de crecimiento y su desarrollo\u201d.<\/p>\n<p>Dan a conocer cuanto hace parte de la identidad cucute\u00f1a, historia, cultura, costumbres, protagonistas, din\u00e1micas, proyecciones y el tejido del que est\u00e1 hecha la ciudad, pensando que deben estar al alcance del conocimiento de todos.<\/p>\n<p>La presentaci\u00f3n del libro est\u00e1 a cargo del gobernador William Villamizar.&nbsp; \u201cEste libro est\u00e1 llamado, no solo a mostrar la ciudad en su diverso tejido hist\u00f3rico, sino tambi\u00e9n a poner su realidad al alcance de la comprensi\u00f3n de todos\u201d.<\/p>\n<p>La publicaci\u00f3n permitir\u00e1 generar nuevos aportes para la construcci\u00f3n de enaltecedores equipamientos en la estructura urbana y de mayores fortalezas en el desarrollo social, econ\u00f3mico, pol\u00edtico y cultural. \u201cLa gran ciudad debe ser ese conjunto de bienes no solo materiales, sino tambi\u00e9n de la personalidad. Y todo con relaci\u00f3n a la vida colectiva, como expresi\u00f3n de anhelos, de ideas, de aspiraciones\u201d.<\/p>\n<p>El acto se cumplir\u00e1 en la sala \u2018Eustorgio Colmenares Baptista\u2019, de la Gobernaci\u00f3n, a las 10:00 de la ma\u00f1ana, de este jueves. <\/p>\n","protected":false},"excerpt":{"rendered":"<p>C\u00daCUTA.- La organizaci\u00f3n Pedagog\u00eda, Cultura y Paz presenta, en acto especial programado por la Gobernaci\u00f3n de Norte Santander, el libro \u2018C\u00facuta, la gran ciudad\u2019, publicado recientemente. &nbsp;La producci\u00f3n estuvo a cargo de &nbsp;los periodistas Sixta Tulia Hern\u00e1ndez, Patricia Giraldo y Cicer\u00f3n Fl\u00f3rez Moya. La obra consta de 210 p\u00e1ginas y los temas del contenido est\u00e1n &hellip;<\/p>\n","protected":false},"author":1,"featured_media":31046,"comment_status":"open","ping_status":"open","sticky":false,"template":"","format":"standard","meta":{"footnotes":""},"categories":[45,4],"tags":[714,3871],"class_list":["post-31045","post","type-post","status-publish","format-standard","has-post-thumbnail","hentry","category-destacado","category-barra","tag-ciceron-florez-moya","tag-cucuta-la-gran-ciudad"],"_links":{"self":[{"href":"https:\/\/contraluzcucuta.co\/index.php?rest_route=\/wp\/v2\/posts\/31045","targetHints":{"allow":["GET"]}}],"collection":[{"href":"https:\/\/contraluzcucuta.co\/index.php?rest_route=\/wp\/v2\/posts"}],"about":[{"href":"https:\/\/contraluzcucuta.co\/index.php?rest_route=\/wp\/v2\/types\/post"}],"author":[{"embeddable":true,"href":"https:\/\/contraluzcucuta.co\/index.php?rest_route=\/wp\/v2\/users\/1"}],"replies":[{"embeddable":true,"href":"https:\/\/contraluzcucuta.co\/index.php?rest_route=%2Fwp%2Fv2%2Fcomments&post=31045"}],"version-history":[{"count":1,"href":"https:\/\/contraluzcucuta.co\/index.php?rest_route=\/wp\/v2\/posts\/31045\/revisions"}],"predecessor-version":[{"id":31047,"href":"https:\/\/contraluzcucuta.co\/index.php?rest_route=\/wp\/v2\/posts\/31045\/revisions\/31047"}],"wp:featuredmedia":[{"embeddable":true,"href":"https:\/\/contraluzcucuta.co\/index.php?rest_route=\/wp\/v2\/media\/31046"}],"wp:attachment":[{"href":"https:\/\/contraluzcucuta.co\/index.php?rest_route=%2Fwp%2Fv2%2Fmedia&parent=31045"}],"wp:term":[{"taxonomy":"category","embeddable":true,"href":"https:\/\/contraluzcucuta.co\/index.php?rest_route=%2Fwp%2Fv2%2Fcategories&post=31045"},{"taxonomy":"post_tag","embeddable":true,"href":"https:\/\/contraluzcucuta.co\/index.php?rest_route=%2Fwp%2Fv2%2Ftags&post=31045"}],"curies":[{"name":"wp","href":"https:\/\/api.w.org\/{rel}","templated":true}]}}