{"id":31041,"date":"2017-10-25T16:47:20","date_gmt":"2017-10-25T21:47:20","guid":{"rendered":"http:\/\/contraluzcucuta.co\/?p=31041"},"modified":"2017-10-25T16:47:20","modified_gmt":"2017-10-25T21:47:20","slug":"paro-campesino-organizaciones-reclaman-cumplimiento-lo-pactado-en-el-2013","status":"publish","type":"post","link":"https:\/\/contraluzcucuta.co\/?p=31041","title":{"rendered":"PARO CAMPESINO. Organizaciones reclaman cumplimiento a lo pactado en el 2013"},"content":{"rendered":"<p style=\"padding-left: 30px;\"><strong>C\u00daCUTA.-<\/strong> Organizaciones sociales y campesinas lideran, en Norte de Santander, el paro campesino para reclamar por el incumplimiento de lo pactado con el Gobierno, en el 2013.<\/p>\n<p>La Gobernaci\u00f3n y las autoridades judiciales regionales se reunieron en Consejo de Seguridad para determinar las acciones que se tomar\u00e1n para preservar la seguridad y evitar alteraciones del orden p\u00fablico que puedan originar las manifestaciones.<\/p>\n<p>En el encuentro se resalt\u00f3 el derecho de asociaci\u00f3n de las comunidades, pero manteniendo la seguridad y la convivencia ciudadanas, de acuerdo con los lineamientos de la Polic\u00eda, el Ej\u00e9rcito, la Fiscal\u00eda, Migraci\u00f3n Colombia y la Unidad Nacional de Protecci\u00f3n.<\/p>\n<p>Las asociaciones sociales, comunales y campesinas explicaron que las razones del paro tienen que ver con lo que estiman como incumplimientos a lo pactado con el Gobierno en el &nbsp;paro del 2013.<\/p>\n<p>El secretario de gobierno del departamento Edgar Pallares dijo que \u201clas autoridades est\u00e1n prestas para apoyar y acompa\u00f1ar este tipo de actividades, siempre y cuando sean de orden pac\u00edfico\u201d. El Ej\u00e9rcito y la Polic\u00eda tienen instrucciones para estar en los sitios considerados sensibles para la movilidad y en donde pueden darse concentraciones de campesinos. <\/p>\n","protected":false},"excerpt":{"rendered":"<p>C\u00daCUTA.- Organizaciones sociales y campesinas lideran, en Norte de Santander, el paro campesino para reclamar por el incumplimiento de lo pactado con el Gobierno, en el 2013. La Gobernaci\u00f3n y las autoridades judiciales regionales se reunieron en Consejo de Seguridad para determinar las acciones que se tomar\u00e1n para preservar la seguridad y evitar alteraciones del &hellip;<\/p>\n","protected":false},"author":1,"featured_media":31042,"comment_status":"open","ping_status":"open","sticky":false,"template":"","format":"standard","meta":{"footnotes":""},"categories":[11],"tags":[1551,299,1553,2934],"class_list":["post-31041","post","type-post","status-publish","format-standard","has-post-thumbnail","hentry","category-cronica-roja","tag-departamento-de-policia-norte-de-santander","tag-ejercito-de-colombia","tag-paro-campesino","tag-secretaria-de-gobierno"],"_links":{"self":[{"href":"https:\/\/contraluzcucuta.co\/index.php?rest_route=\/wp\/v2\/posts\/31041","targetHints":{"allow":["GET"]}}],"collection":[{"href":"https:\/\/contraluzcucuta.co\/index.php?rest_route=\/wp\/v2\/posts"}],"about":[{"href":"https:\/\/contraluzcucuta.co\/index.php?rest_route=\/wp\/v2\/types\/post"}],"author":[{"embeddable":true,"href":"https:\/\/contraluzcucuta.co\/index.php?rest_route=\/wp\/v2\/users\/1"}],"replies":[{"embeddable":true,"href":"https:\/\/contraluzcucuta.co\/index.php?rest_route=%2Fwp%2Fv2%2Fcomments&post=31041"}],"version-history":[{"count":1,"href":"https:\/\/contraluzcucuta.co\/index.php?rest_route=\/wp\/v2\/posts\/31041\/revisions"}],"predecessor-version":[{"id":31043,"href":"https:\/\/contraluzcucuta.co\/index.php?rest_route=\/wp\/v2\/posts\/31041\/revisions\/31043"}],"wp:featuredmedia":[{"embeddable":true,"href":"https:\/\/contraluzcucuta.co\/index.php?rest_route=\/wp\/v2\/media\/31042"}],"wp:attachment":[{"href":"https:\/\/contraluzcucuta.co\/index.php?rest_route=%2Fwp%2Fv2%2Fmedia&parent=31041"}],"wp:term":[{"taxonomy":"category","embeddable":true,"href":"https:\/\/contraluzcucuta.co\/index.php?rest_route=%2Fwp%2Fv2%2Fcategories&post=31041"},{"taxonomy":"post_tag","embeddable":true,"href":"https:\/\/contraluzcucuta.co\/index.php?rest_route=%2Fwp%2Fv2%2Ftags&post=31041"}],"curies":[{"name":"wp","href":"https:\/\/api.w.org\/{rel}","templated":true}]}}