{"id":31038,"date":"2017-10-25T16:16:21","date_gmt":"2017-10-25T21:16:21","guid":{"rendered":"http:\/\/contraluzcucuta.co\/?p=31038"},"modified":"2017-10-25T16:16:21","modified_gmt":"2017-10-25T21:16:21","slug":"dialogos-utiles-gobernacion-apoya-perdon-y-reconciliacion-de-las-farc","status":"publish","type":"post","link":"https:\/\/contraluzcucuta.co\/?p=31038","title":{"rendered":"\u2018DI\u00c1LOGOS \u00daTILES\u2019. Gobernaci\u00f3n apoya perd\u00f3n y reconciliaci\u00f3n de las Farc"},"content":{"rendered":"<p style=\"padding-left: 30px;\"><strong>C\u00daCUTA.-<\/strong> El excomandante del 33 frente de las Farc, Rub\u00e9n Zamora, destac\u00f3 el trabajo en Norte de Santander para fortalecer la estrategia de \u2018Di\u00e1logos \u00datiles\u2019. Los encuentros permitieron las conversaciones frente a la implementaci\u00f3n de los acuerdos finales, dijo Rub\u00e9n Zamora<\/p>\n<p>El exguerrillero ofreci\u00f3 declaraciones sobre la importancia de la paz y la reconciliaci\u00f3n en el pa\u00eds, tras la firma de los acuerdos de paz, lo que se suma a los actos de perd\u00f3n por ante la comunidad.<\/p>\n<p>La Gobernaci\u00f3n de Norte de Santander contribuye a la construcci\u00f3n de paz en la regi\u00f3n y ha buscado estrategias para incentivar actos que permitan a los actores del conflicto reconciliarse con el pasado para forjar un nuevo camino.<\/p>\n<p>La administraci\u00f3n departamental apoya los acercamientos que las Farc han efectuado para dar a conocer la implementaci\u00f3n de los acuerdos finales pactados en La Habana (Cuba). La estrategia piloto \u2018Di\u00e1logos \u00datiles para la Construcci\u00f3n de Paz en Norte de Santander\u2019, ha sido pieza clave para generar confianza entre los nortesantandereanos.<\/p>\n<p>La secretar\u00eda de V\u00edctimas, Paz y Posconflicto tiene como misi\u00f3n establecer puentes de entendimiento entre la comunidad y los acuerdos finales logrados con las Farc y los que avanzan en Quito (Ecuador) con el Eln. La pedagog\u00eda es una de las v\u00edas para generar espacios de construcci\u00f3n de paz y reconciliaci\u00f3n.<\/p>\n<p>\u201cEl gobernador (William Villamizar) a\u00fana esfuerzos para incentivar una regi\u00f3n en paz\u201d, dijo el titular del despacho Luis Fernando Ni\u00f1o. Mediante las estrategias y los acercamientos se ha establecido contacto con &nbsp;los actores para unir al departamento en torno al perd\u00f3n y los nuevos comienzos de vida. <\/p>\n","protected":false},"excerpt":{"rendered":"<p>C\u00daCUTA.- El excomandante del 33 frente de las Farc, Rub\u00e9n Zamora, destac\u00f3 el trabajo en Norte de Santander para fortalecer la estrategia de \u2018Di\u00e1logos \u00datiles\u2019. Los encuentros permitieron las conversaciones frente a la implementaci\u00f3n de los acuerdos finales, dijo Rub\u00e9n Zamora El exguerrillero ofreci\u00f3 declaraciones sobre la importancia de la paz y la reconciliaci\u00f3n en &hellip;<\/p>\n","protected":false},"author":1,"featured_media":31039,"comment_status":"open","ping_status":"open","sticky":false,"template":"","format":"standard","meta":{"footnotes":""},"categories":[32],"tags":[1874,2683,3870],"class_list":["post-31038","post","type-post","status-publish","format-standard","has-post-thumbnail","hentry","category-recorrido-por-la-region","tag-farc","tag-luis-fernando-nino","tag-ruben-zamora"],"_links":{"self":[{"href":"https:\/\/contraluzcucuta.co\/index.php?rest_route=\/wp\/v2\/posts\/31038","targetHints":{"allow":["GET"]}}],"collection":[{"href":"https:\/\/contraluzcucuta.co\/index.php?rest_route=\/wp\/v2\/posts"}],"about":[{"href":"https:\/\/contraluzcucuta.co\/index.php?rest_route=\/wp\/v2\/types\/post"}],"author":[{"embeddable":true,"href":"https:\/\/contraluzcucuta.co\/index.php?rest_route=\/wp\/v2\/users\/1"}],"replies":[{"embeddable":true,"href":"https:\/\/contraluzcucuta.co\/index.php?rest_route=%2Fwp%2Fv2%2Fcomments&post=31038"}],"version-history":[{"count":1,"href":"https:\/\/contraluzcucuta.co\/index.php?rest_route=\/wp\/v2\/posts\/31038\/revisions"}],"predecessor-version":[{"id":31040,"href":"https:\/\/contraluzcucuta.co\/index.php?rest_route=\/wp\/v2\/posts\/31038\/revisions\/31040"}],"wp:featuredmedia":[{"embeddable":true,"href":"https:\/\/contraluzcucuta.co\/index.php?rest_route=\/wp\/v2\/media\/31039"}],"wp:attachment":[{"href":"https:\/\/contraluzcucuta.co\/index.php?rest_route=%2Fwp%2Fv2%2Fmedia&parent=31038"}],"wp:term":[{"taxonomy":"category","embeddable":true,"href":"https:\/\/contraluzcucuta.co\/index.php?rest_route=%2Fwp%2Fv2%2Fcategories&post=31038"},{"taxonomy":"post_tag","embeddable":true,"href":"https:\/\/contraluzcucuta.co\/index.php?rest_route=%2Fwp%2Fv2%2Ftags&post=31038"}],"curies":[{"name":"wp","href":"https:\/\/api.w.org\/{rel}","templated":true}]}}