{"id":31035,"date":"2017-10-25T15:52:49","date_gmt":"2017-10-25T20:52:49","guid":{"rendered":"http:\/\/contraluzcucuta.co\/?p=31035"},"modified":"2017-10-25T15:52:49","modified_gmt":"2017-10-25T20:52:49","slug":"pilas-con-el-ambiente-cultura-ambiental-en-tecnologia-verde","status":"publish","type":"post","link":"https:\/\/contraluzcucuta.co\/?p=31035","title":{"rendered":"\u2018PILAS CON EL AMBIENTE\u2019. Cultura ambiental en \u2018tecnolog\u00eda verde\u2019"},"content":{"rendered":"<p style=\"padding-left: 30px;\"><strong>C\u00daCUTA.-<\/strong> Implementar una pol\u00edtica p\u00fablica para recolectar aparatos el\u00e9ctricos y electr\u00f3nicos es una de las metas que promueve la Gobernaci\u00f3n de Norte de Santander. La acci\u00f3n es liderada por la Secretar\u00eda de las Tecnolog\u00edas de la Informaci\u00f3n y las Comunicaciones (TIC) para preservar el medio ambiente. El contenido de las bater\u00edas, con la reutilizaci\u00f3n, puede afectar el entorno.<\/p>\n<p>Los objetivos son:<\/p>\n<p>1.- Generar cultura ambiental en \u2018tecnolog\u00eda verde\u2019 entre la comunidad<\/p>\n<p>2.- Designar sitios estrat\u00e9gicos en los municipios donde se puedan instalar contenedores especiales<\/p>\n<p>3.- Recolectar los aparatos tecnol\u00f3gicos que cumplieron la vida \u00fatil.<\/p>\n<p>La iniciativa tiene apoyo del programa Computadores para Educar, del Gobierno, y busca ense\u00f1ar c\u00f3mo darles destino final a los aparatos, que pueden convertirse en foco de contaminaci\u00f3n del medio ambiente en el departamento.<\/p>\n<p>La secretaria de las TIC, Marina Lozano, dijo que la idea es generar la adopci\u00f3n de la pol\u00edtica p\u00fablica, por medio de Ordenanza, seg\u00fan&nbsp; el Decreto 857. \u201cEsa es la meta en la que se trabaja para garantizar a la comunidad nortesantandereana un ambiente libre y con \u2018tecnolog\u00eda verde\u2019\u201d, resalt\u00f3 la funcionaria.<\/p>\n<p>El encuentro, efectuado en la Quinta Teresa de C\u00facuta, da paso para la inauguraci\u00f3n del programa \u2018Pilas con el Ambiente\u2019, con el que se pretende sensibilizar a la comunidad sobre el manejo y el uso adecuado de las pilas, para que luego del uso, no se reutilicen.<\/p>\n<p>La destinaci\u00f3n final debe estar dirigida a los contenedores, ubicados en las secretar\u00edas de Educaci\u00f3n, Hacienda, Cultura y Tr\u00e1nsito Municipal de El Zulia.<\/p>\n<p>Esta y otras estrategias que se dise\u00f1an desde la Gobernaci\u00f3n permitir\u00e1n establecer acciones puntuales para cerrar la brecha digital, por medio del fortalecimiento del ecosistema digital, la recuperaci\u00f3n ambiental y forjar un futuro sostenible en el departamento. <\/p>\n","protected":false},"excerpt":{"rendered":"<p>C\u00daCUTA.- Implementar una pol\u00edtica p\u00fablica para recolectar aparatos el\u00e9ctricos y electr\u00f3nicos es una de las metas que promueve la Gobernaci\u00f3n de Norte de Santander. La acci\u00f3n es liderada por la Secretar\u00eda de las Tecnolog\u00edas de la Informaci\u00f3n y las Comunicaciones (TIC) para preservar el medio ambiente. El contenido de las bater\u00edas, con la reutilizaci\u00f3n, puede &hellip;<\/p>\n","protected":false},"author":1,"featured_media":31036,"comment_status":"open","ping_status":"open","sticky":false,"template":"","format":"standard","meta":{"footnotes":""},"categories":[4,2630,347],"tags":[379,3868,3869],"class_list":["post-31035","post","type-post","status-publish","format-standard","has-post-thumbnail","hentry","category-barra","category-gobernacion","category-medio-ambiente","tag-gobernacion-de-norte-de-santander","tag-pilas-con-el-ambiente","tag-tecnologia-verde"],"_links":{"self":[{"href":"https:\/\/contraluzcucuta.co\/index.php?rest_route=\/wp\/v2\/posts\/31035","targetHints":{"allow":["GET"]}}],"collection":[{"href":"https:\/\/contraluzcucuta.co\/index.php?rest_route=\/wp\/v2\/posts"}],"about":[{"href":"https:\/\/contraluzcucuta.co\/index.php?rest_route=\/wp\/v2\/types\/post"}],"author":[{"embeddable":true,"href":"https:\/\/contraluzcucuta.co\/index.php?rest_route=\/wp\/v2\/users\/1"}],"replies":[{"embeddable":true,"href":"https:\/\/contraluzcucuta.co\/index.php?rest_route=%2Fwp%2Fv2%2Fcomments&post=31035"}],"version-history":[{"count":1,"href":"https:\/\/contraluzcucuta.co\/index.php?rest_route=\/wp\/v2\/posts\/31035\/revisions"}],"predecessor-version":[{"id":31037,"href":"https:\/\/contraluzcucuta.co\/index.php?rest_route=\/wp\/v2\/posts\/31035\/revisions\/31037"}],"wp:featuredmedia":[{"embeddable":true,"href":"https:\/\/contraluzcucuta.co\/index.php?rest_route=\/wp\/v2\/media\/31036"}],"wp:attachment":[{"href":"https:\/\/contraluzcucuta.co\/index.php?rest_route=%2Fwp%2Fv2%2Fmedia&parent=31035"}],"wp:term":[{"taxonomy":"category","embeddable":true,"href":"https:\/\/contraluzcucuta.co\/index.php?rest_route=%2Fwp%2Fv2%2Fcategories&post=31035"},{"taxonomy":"post_tag","embeddable":true,"href":"https:\/\/contraluzcucuta.co\/index.php?rest_route=%2Fwp%2Fv2%2Ftags&post=31035"}],"curies":[{"name":"wp","href":"https:\/\/api.w.org\/{rel}","templated":true}]}}