{"id":31001,"date":"2017-10-22T13:41:24","date_gmt":"2017-10-22T18:41:24","guid":{"rendered":"http:\/\/contraluzcucuta.co\/?p=31001"},"modified":"2017-10-22T13:41:24","modified_gmt":"2017-10-22T18:41:24","slug":"mano-mano-con-carlos-entrena-el-cucuta-representa-la-pasion-del-cucuteno","status":"publish","type":"post","link":"https:\/\/contraluzcucuta.co\/?p=31001","title":{"rendered":"MANO A MANO CON CARLOS ENTRENA. El C\u00facuta representa\u00a0 la pasi\u00f3n del cucute\u00f1o"},"content":{"rendered":"<p style=\"padding-left: 30px;\"><strong>C\u00daCUTA.-<\/strong> El Fisioterapeuta de la Selecci\u00f3n Colombiana de F\u00fatbol de Mayores de Colombia es cucute\u00f1o, de esos que cuando est\u00e1n fuera de casa extra\u00f1an los pasteles de garbanzo y el mute dominical. Ha ejercido este oficio en la Copa Am\u00e9rica 2011 (Argentina); eliminatorias para el Mundial de Brasil 2014 y participante en Copa Mundial de Brasil 2014.<\/p>\n<p>Prest\u00f3 los servicios profesionales a Independiente Santa Fe. La \u00e9tica, la honestidad y la entrega con las que ejerce las aprendi\u00f3 en la etapa de preparaci\u00f3n en la Fundaci\u00f3n Escuela Colombiana de Rehabilitaci\u00f3n.&nbsp; Si la vida le da la oportunidad, trabajar\u00e1 por la educaci\u00f3n, el medio ambiente, la salud, la pol\u00edtica y los servicios sociales.<\/p>\n<p>Espera regresar a C\u00facuta cualquier d\u00eda, ponerse al servicio del C\u00facuta Deportivo y ver de nuevo al once motil\u00f3n en los primeros lugares del f\u00fatbol sudamericano, como en aquellos 2007 y 2008, cuando vivi\u00f3 los mejores recuerdos que guarda de los rojinegros.<\/p>\n<p><strong>\u00bfCu\u00e1ndo empez\u00f3 a sentir pasi\u00f3n por la fisioterapia? <\/strong><\/p>\n<ul>\n<li>Toda la vida so\u00f1\u00e9 con el mundo de la fisioterapia. cuando empec\u00e9 a estudiar mi carrera se me volvi\u00f3 un sue\u00f1o, un anhelo, una meta. Dentro de mi proceso siempre pens\u00e9 en llegar a lo m\u00e1s alto posible. No dejen de so\u00f1ar es lo que les digo a las personas, los sue\u00f1os se cumplen. Nunca desist\u00ed de mi sue\u00f1o, por m\u00e1s que me ca\u00eda. As\u00ed que es una oportunidad que me da la vida para cumplir mi sue\u00f1o.<\/li>\n<\/ul>\n<p><strong>\u00bfEn su juventud que deporte practicaba?<\/strong><\/p>\n<ul>\n<li>Practicaba f\u00fatbol y tenis.<\/li>\n<\/ul>\n<p><strong>\u00bfEn qu\u00e9 posici\u00f3n jugaba en el f\u00fatbol?<\/strong><\/p>\n<ul>\n<li>Era Volante de marca o un volante mixto y lateral.<\/li>\n<\/ul>\n<p><strong>\u00bfC\u00f3mo fue la experiencia con Independiente Santa Fe, cuando ejerci\u00f3 por primera vez la profesi\u00f3n?<\/strong><\/p>\n<ul>\n<li>Fue una gran experiencia. Un gran club, una gran instituci\u00f3n, conformada por excelentes personas. El sue\u00f1o de haber empezado con un equipo profesional y dar la vuelta ol\u00edmpica con el equipo fueron momentos \u00fanicos que quedar\u00e1n en la vivencia de cada uno, o bueno, en mi coraz\u00f3n<\/li>\n<\/ul>\n<p><strong>\u00bfHincha del C\u00facuta Deportivo?<\/strong><\/p>\n<ul>\n<li>Mi pap\u00e1 fue directivo del C\u00facuta. Yo iba a los entrenamientos del C\u00facuta cuando era ni\u00f1o, sal\u00eda con el equipo de la mano. Adem\u00e1s, creo que cucute\u00f1o que no sea hincha del C\u00facuta es dif\u00edcil. A uno le inculcan mucho el equipo y lo que vive la gente los domingos es incre\u00edble, por eso cuando el equipo se fue pensaba en la gente.<\/li>\n<\/ul>\n<p><strong>\u00bfC\u00f3mo fue su reacci\u00f3n&nbsp; al enterarse de que el C\u00facuta se mudaba&nbsp; a Zipaquir\u00e1 por motivos ajenos a los deportivos?<\/strong><\/p>\n<ul>\n<li>Para m\u00ed fue un impacto, porque uno sabe lo que representa el equipo para los que van al General Santander a ver jugar al C\u00facuta, porque esto es una tradici\u00f3n, viene de familia, viene de generaci\u00f3n en generaci\u00f3n, por eso no me imaginaba un domingo sin f\u00fatbol. Me parec\u00eda terrible para la ciudad y el departamento; posteriormente, cuando me dijeron que volver\u00eda el C\u00facuta, para m\u00ed fue motivo de alegr\u00eda. Es que m\u00e1s all\u00e1 del amor por el futbol el C\u00facuta representa la pasi\u00f3n del cucute\u00f1o.<\/li>\n<\/ul>\n<p><strong>\u00bfCinco jugadores que te hayan gustado en la Historia del C\u00facuta?<\/strong><\/p>\n<ul>\n<li>Sergio \u2018El Bocha\u2019 Sant\u00edn, Hugo Horacio L\u00f3ndero, Macnelly Torres y Lin Carlos Henry. Es complicado dar los cinco mejores, porque el talento que ha pasado es inmenso. No se me pueden olvidar el paname\u00f1o Blas P\u00e9rez, \u2018Burrito\u2019 Mart\u00ednez, la \u00e9poca de los peruanos. En la historia ha habido muchos jugadores de peso y talla importantes.<\/li>\n<\/ul>\n<p><strong>\u00bfC\u00f3mo vivi\u00f3 la etapa de la primera estrella y la historia de equipo en la Copa Libertadores?<\/strong><\/p>\n<ul>\n<li>El C\u00facuta siempre estuvo ah\u00ed, pero verlo campe\u00f3n, haciendo historia, me hizo sentir m\u00e1s cucute\u00f1o que nunca. La etapa de La Libertadores (2007 \u2013 2008) fue incre\u00edble, no se va a olvidar. Es ver al C\u00facuta en semifinales, jugando impresionantemente ese partido contra Boca de local etc\u00e9tera. Son recuerdos que no se borran y fue bonito verlo campe\u00f3n. Qui\u00e9n sabe cu\u00e1nto tendremos que esperar para volverlo a ver campe\u00f3n. Espero que sea pronto.<\/li>\n<\/ul>\n<p><strong>\u00bfDefina en una palabra a Carlos Entrena?<\/strong><\/p>\n<ul>\n<li>\u00c9tico. Para mi ser \u00e9tico lo es todo en la Vida y si me regalara otra, fe, creer en Dios es lo primordial.<\/li>\n<\/ul>\n<p><strong>\u00bfUna frase que lo describa?<\/strong><\/p>\n<p>Si quieres llegar solo, llega; pero si quieres llegar lejos, llega acompa\u00f1ado.<\/p>\n<p><strong>\u00bfQu\u00e9 sinti\u00f3 cuando lo nombraron fisioterapeuta de la Selecci\u00f3n Colombia?<\/strong><\/p>\n<ul>\n<li>Es un honor. Es un motivo de alegr\u00eda hacer parte de la Selecci\u00f3n Mayor de F\u00fatbol y es un sue\u00f1o que da m\u00e1s responsabilidad por la profesi\u00f3n y por lo que uno hace, porque uno lleva el nombre de la carrera y muestra lo que hacemos. Tener la posibilidad de estar ah\u00ed es \u00fanico.<\/li>\n<\/ul>\n<p><strong>\u00bfC\u00f3mo vivi\u00f3 los partidos del Mundial, metido en la profesi\u00f3n o como hincha?<\/strong><\/p>\n<ul>\n<li>No hay chance de vivirlo como hincha, siempre metido en mi profesi\u00f3n. Para nosotros era trabajo, era una responsabilidad incre\u00edble y una responsabilidad con nosotros, con los jugadores y con el entorno. Esto es una familia incre\u00edble y lo que representa la selecci\u00f3n como tal.<\/li>\n<\/ul>\n<p><strong>\u00bfQu\u00e9 jugador irradia m\u00e1s energ\u00eda en la Selecci\u00f3n? <\/strong><\/p>\n<ul>\n<li>Todos por igual. Est\u00e1n el chistoso, el carism\u00e1tico, el hablador. Todos le aportar a la Selecci\u00f3n, es un grupo muy bonito.<\/li>\n<\/ul>\n<p><strong>\u00bfPekerman &nbsp;qu\u00e9 le ha aportado a la Selecci\u00f3n?<\/strong><\/p>\n<ul>\n<li>Todos (los entrenadores) son muy importantes. Todos han aportado su \u2018granito de arena\u2019.<\/li>\n<\/ul>\n<p><strong>\u00bfCarlos tiene l\u00edmites?<\/strong><\/p>\n<ul>\n<li>Todav\u00eda tengo muchos sue\u00f1os, anhelos, metas qu\u00e9 cumplir. S\u00e9 que con responsabilidad, \u00e9tica y honestidad se van a lograr.<\/li>\n<\/ul>\n<p><strong>\u00bfSue\u00f1a con ser el fisioterapeuta del C\u00facuta Deportivo?<\/strong><\/p>\n<ul>\n<li>S\u00ed. Quisiera, en alg\u00fan momento, estar con el equipo y ojal\u00e1 volver a vivir en C\u00facuta y m\u00e1s con el equipo. Ser\u00eda extraordinario.<\/li>\n<\/ul>\n<p><strong>\u00bfQue tiene el hincha cucute\u00f1o que no tiene otro en el pa\u00eds?<\/strong><\/p>\n<ul>\n<li>Pasi\u00f3n, entrega y aguante.<\/li>\n<\/ul>\n<p><strong>\u00bfQu\u00e9 extra\u00f1a de C\u00facuta?<\/strong><\/p>\n<ul>\n<li>La comida, especialmente los pastelitos y el mute.<\/li>\n<\/ul>\n<p><strong>\u00bfQu\u00e9 le gusta&nbsp; hacer en sus tiempos libres?<\/strong><\/p>\n<p>Me gusta hacer actividad f\u00edsica, jugar tenis, compartir en familia, ir a restaurantes.<\/p>\n<p><strong>JORDY ORLANDO CRUZ<\/strong> <\/p>\n","protected":false},"excerpt":{"rendered":"<p>C\u00daCUTA.- El Fisioterapeuta de la Selecci\u00f3n Colombiana de F\u00fatbol de Mayores de Colombia es cucute\u00f1o, de esos que cuando est\u00e1n fuera de casa extra\u00f1an los pasteles de garbanzo y el mute dominical. Ha ejercido este oficio en la Copa Am\u00e9rica 2011 (Argentina); eliminatorias para el Mundial de Brasil 2014 y participante en Copa Mundial de &hellip;<\/p>\n","protected":false},"author":1,"featured_media":31002,"comment_status":"open","ping_status":"open","sticky":false,"template":"","format":"standard","meta":{"footnotes":""},"categories":[4,28],"tags":[1244,3859,192,3860],"class_list":["post-31001","post","type-post","status-publish","format-standard","has-post-thumbnail","hentry","category-barra","category-vistazo-deportivo","tag-acord-norte-de-santander","tag-carlos-miguel-entrena","tag-cucuta-deportivo","tag-hinchas-motilones"],"_links":{"self":[{"href":"https:\/\/contraluzcucuta.co\/index.php?rest_route=\/wp\/v2\/posts\/31001","targetHints":{"allow":["GET"]}}],"collection":[{"href":"https:\/\/contraluzcucuta.co\/index.php?rest_route=\/wp\/v2\/posts"}],"about":[{"href":"https:\/\/contraluzcucuta.co\/index.php?rest_route=\/wp\/v2\/types\/post"}],"author":[{"embeddable":true,"href":"https:\/\/contraluzcucuta.co\/index.php?rest_route=\/wp\/v2\/users\/1"}],"replies":[{"embeddable":true,"href":"https:\/\/contraluzcucuta.co\/index.php?rest_route=%2Fwp%2Fv2%2Fcomments&post=31001"}],"version-history":[{"count":1,"href":"https:\/\/contraluzcucuta.co\/index.php?rest_route=\/wp\/v2\/posts\/31001\/revisions"}],"predecessor-version":[{"id":31003,"href":"https:\/\/contraluzcucuta.co\/index.php?rest_route=\/wp\/v2\/posts\/31001\/revisions\/31003"}],"wp:featuredmedia":[{"embeddable":true,"href":"https:\/\/contraluzcucuta.co\/index.php?rest_route=\/wp\/v2\/media\/31002"}],"wp:attachment":[{"href":"https:\/\/contraluzcucuta.co\/index.php?rest_route=%2Fwp%2Fv2%2Fmedia&parent=31001"}],"wp:term":[{"taxonomy":"category","embeddable":true,"href":"https:\/\/contraluzcucuta.co\/index.php?rest_route=%2Fwp%2Fv2%2Fcategories&post=31001"},{"taxonomy":"post_tag","embeddable":true,"href":"https:\/\/contraluzcucuta.co\/index.php?rest_route=%2Fwp%2Fv2%2Ftags&post=31001"}],"curies":[{"name":"wp","href":"https:\/\/api.w.org\/{rel}","templated":true}]}}