{"id":30985,"date":"2017-10-19T20:47:20","date_gmt":"2017-10-20T01:47:20","guid":{"rendered":"http:\/\/contraluzcucuta.co\/?p=30985"},"modified":"2017-10-19T20:47:20","modified_gmt":"2017-10-20T01:47:20","slug":"presupuesto-2018-al-documento-original-se-le-haran-modificaciones-en-la-inversion","status":"publish","type":"post","link":"https:\/\/contraluzcucuta.co\/?p=30985","title":{"rendered":"PRESUPUESTO 2018. Al documento original se le har\u00e1n modificaciones en la inversi\u00f3n"},"content":{"rendered":"<p style=\"padding-left: 30px;\"><strong>C\u00daCUTA.-<\/strong> Ediles de las Juntas Administradoras Locales (JAL), urbanas y rurales de C\u00facuta, conocieron el proyecto de Acuerdo del Presupuesto para la vigencia fiscal 2018. Al documento original se le har\u00e1n modificaciones en la inversi\u00f3n, el apoyo a las comunidades y el mejoramiento de vivienda.<\/p>\n<p>El alcalde C\u00e9sar Rojas y el equipo asesor de Planeaci\u00f3n Municipal explicaron las fuentes y los rubros que integran el Presupuesto 2018, escucharon y recogieron las propuestas para ser tenidas en cuenta.<\/p>\n<p>En el intercambio de pareceres, Rojas Ayala le apunt\u00f3 a la metodolog\u00eda de tener en cuenta que los rubros presupuestales est\u00e1n dispuestos en partidas globales y que de ello dependen las destinaciones posteriores y puntuales que deber\u00e1n ser las solicitudes presentadas por los ediles.<\/p>\n<p>Rojas Ayala calific\u00f3 el ejercicio democr\u00e1tico como positivo. \u201cVamos a incluir en el presupuesto algunas obras priorizadas el a\u00f1o pasado, que son partidas globales, pero que de all\u00ed podemos tomar en cuenta para hacer la inversi\u00f3n correspondiente\u201d.<\/p>\n<p>Las modificaciones est\u00e1n direccionadas hacia:<\/p>\n<p>1.- Recursos que se van a dar a los ediles en los rubros que manejan en el aspecto participativo. \u201cDialogando podemos llegar a una gran conclusi\u00f3n, que es un presupuesto que involucra a la ciudad en los sectores rural y urbano\u201d.<\/p>\n<p>2.- Ayuda en mejoramiento de vivienda para los ediles y la comunidad. Est\u00e1 incluido en el programa de gobierno de la administraci\u00f3n municipal para favorecer a los habitantes de bajos recursos econ\u00f3micos.<\/p>\n<p>El comandante de la Polic\u00eda Metropolitana (Mecuc), coronel Javier Barrera, acord\u00f3 con los ediles encuentros comuna por comuna para visibilizar y atender asuntos relacionados con la seguridad.<\/p>\n<p>Superado el requisito de socializar con los ediles el proyecto de Acuerdo del Presupuesto vigencia fiscal 2018, se remitir\u00e1 al Concejo el acta de la actividad cumplida para que se contin\u00fae con el tr\u00e1mite. <\/p>\n","protected":false},"excerpt":{"rendered":"<p>C\u00daCUTA.- Ediles de las Juntas Administradoras Locales (JAL), urbanas y rurales de C\u00facuta, conocieron el proyecto de Acuerdo del Presupuesto para la vigencia fiscal 2018. Al documento original se le har\u00e1n modificaciones en la inversi\u00f3n, el apoyo a las comunidades y el mejoramiento de vivienda. El alcalde C\u00e9sar Rojas y el equipo asesor de Planeaci\u00f3n &hellip;<\/p>\n","protected":false},"author":1,"featured_media":30986,"comment_status":"open","ping_status":"open","sticky":false,"template":"","format":"standard","meta":{"footnotes":""},"categories":[2625],"tags":[2733,226,3857,3856],"class_list":["post-30985","post","type-post","status-publish","format-standard","has-post-thumbnail","hentry","category-alcaldia-de-cucuta","tag-alcalde-cesar-rojas","tag-alcaldia-de-cucuta","tag-ediles-cucutenos","tag-presupuesto-2018"],"_links":{"self":[{"href":"https:\/\/contraluzcucuta.co\/index.php?rest_route=\/wp\/v2\/posts\/30985","targetHints":{"allow":["GET"]}}],"collection":[{"href":"https:\/\/contraluzcucuta.co\/index.php?rest_route=\/wp\/v2\/posts"}],"about":[{"href":"https:\/\/contraluzcucuta.co\/index.php?rest_route=\/wp\/v2\/types\/post"}],"author":[{"embeddable":true,"href":"https:\/\/contraluzcucuta.co\/index.php?rest_route=\/wp\/v2\/users\/1"}],"replies":[{"embeddable":true,"href":"https:\/\/contraluzcucuta.co\/index.php?rest_route=%2Fwp%2Fv2%2Fcomments&post=30985"}],"version-history":[{"count":1,"href":"https:\/\/contraluzcucuta.co\/index.php?rest_route=\/wp\/v2\/posts\/30985\/revisions"}],"predecessor-version":[{"id":30987,"href":"https:\/\/contraluzcucuta.co\/index.php?rest_route=\/wp\/v2\/posts\/30985\/revisions\/30987"}],"wp:featuredmedia":[{"embeddable":true,"href":"https:\/\/contraluzcucuta.co\/index.php?rest_route=\/wp\/v2\/media\/30986"}],"wp:attachment":[{"href":"https:\/\/contraluzcucuta.co\/index.php?rest_route=%2Fwp%2Fv2%2Fmedia&parent=30985"}],"wp:term":[{"taxonomy":"category","embeddable":true,"href":"https:\/\/contraluzcucuta.co\/index.php?rest_route=%2Fwp%2Fv2%2Fcategories&post=30985"},{"taxonomy":"post_tag","embeddable":true,"href":"https:\/\/contraluzcucuta.co\/index.php?rest_route=%2Fwp%2Fv2%2Ftags&post=30985"}],"curies":[{"name":"wp","href":"https:\/\/api.w.org\/{rel}","templated":true}]}}