{"id":30982,"date":"2017-10-19T20:21:27","date_gmt":"2017-10-20T01:21:27","guid":{"rendered":"http:\/\/contraluzcucuta.co\/?p=30982"},"modified":"2017-10-19T20:21:27","modified_gmt":"2017-10-20T01:21:27","slug":"condecoracion-postuma-medalla-jose-eusebio-caro-al-padre-rafael-garcia-herreros","status":"publish","type":"post","link":"https:\/\/contraluzcucuta.co\/?p=30982","title":{"rendered":"CONDECORACI\u00d3N P\u00d3STUMA. Medalla \u2018Jos\u00e9 Eusebio Caro\u2019 al padre Rafael Garc\u00eda Herreros"},"content":{"rendered":"<p style=\"padding-left: 30px;\"><strong>C\u00daCUTA.-<\/strong> Al conmemorarse 25 a\u00f1os de la muerte del padre Rafael Garc\u00eda Herreros, la Gobernaci\u00f3n de Norte de Santander entreg\u00f3 la condecoraci\u00f3n \u2018Jos\u00e9 Eusebio Caro\u2019, en grado ordinario, al padre Diego Jaramillo, presidente de la organizaci\u00f3n Minuto de Dios.<\/p>\n<p>La distinci\u00f3n se entreg\u00f3 en la apertura de la exposici\u00f3n \u2018El esc\u00e1ndalo del bien\u2019. El artista Juan Carvajal muestra los momentos representativos de la vida del padre Garc\u00eda Herreros. Tambi\u00e9n, recopila caricaturas y recortes de prensa que reflejan la vida y obra del sacerdote cucute\u00f1o.<\/p>\n<p>El acto se cumpli\u00f3 en la biblioteca p\u00fablica \u2018Julio P\u00e9rez Ferrero\u2019, de C\u00facuta, y estuvo presidido por Luis Fernando Ni\u00f1o, gobernador encargado. Lo acompa\u00f1aron autoridades eclesi\u00e1sticas del pa\u00eds.<\/p>\n<p>\u201cEl padre es un personaje que hay que rescatar de la memoria hist\u00f3rica de Norte de Santander\u201d, dijo el funcionario. Destac\u00f3 que el religioso marc\u00f3 la historia del departamento y del pa\u00eds. \u201cPor medio de su mensaje de contemplaci\u00f3n, mostr\u00f3 ser un hombre sencillo, humilde y entregado a los temas de la paz\u201d.<\/p>\n<p>El padre Diego Jaramillo expres\u00f3 que \u201caqu\u00ed en C\u00facuta esas fotos y caricaturas toman una vida especial. \u00c9l am\u00f3 profundamente a Colombia y a su tierra Norte de Santander\u201d. Resalt\u00f3 que la exposici\u00f3n evoca en muchas maneras la vida del padre Garc\u00eda herreros y el compromiso con los ind\u00edgenas Bari y la ciudad, como una muestra de amor patri\u00f3tico. <\/p>\n","protected":false},"excerpt":{"rendered":"<p>C\u00daCUTA.- Al conmemorarse 25 a\u00f1os de la muerte del padre Rafael Garc\u00eda Herreros, la Gobernaci\u00f3n de Norte de Santander entreg\u00f3 la condecoraci\u00f3n \u2018Jos\u00e9 Eusebio Caro\u2019, en grado ordinario, al padre Diego Jaramillo, presidente de la organizaci\u00f3n Minuto de Dios. La distinci\u00f3n se entreg\u00f3 en la apertura de la exposici\u00f3n \u2018El esc\u00e1ndalo del bien\u2019. El artista &hellip;<\/p>\n","protected":false},"author":1,"featured_media":30983,"comment_status":"open","ping_status":"open","sticky":false,"template":"","format":"standard","meta":{"footnotes":""},"categories":[36,37],"tags":[3069,3854,3855,1167],"class_list":["post-30982","post","type-post","status-publish","format-standard","has-post-thumbnail","hentry","category-la-voz-del-pueblo","category-paseo-cultural","tag-condecoracion","tag-minuto-de-dios","tag-padre-diego-jaramillo","tag-padre-rafael-garcia-herreros"],"_links":{"self":[{"href":"https:\/\/contraluzcucuta.co\/index.php?rest_route=\/wp\/v2\/posts\/30982","targetHints":{"allow":["GET"]}}],"collection":[{"href":"https:\/\/contraluzcucuta.co\/index.php?rest_route=\/wp\/v2\/posts"}],"about":[{"href":"https:\/\/contraluzcucuta.co\/index.php?rest_route=\/wp\/v2\/types\/post"}],"author":[{"embeddable":true,"href":"https:\/\/contraluzcucuta.co\/index.php?rest_route=\/wp\/v2\/users\/1"}],"replies":[{"embeddable":true,"href":"https:\/\/contraluzcucuta.co\/index.php?rest_route=%2Fwp%2Fv2%2Fcomments&post=30982"}],"version-history":[{"count":1,"href":"https:\/\/contraluzcucuta.co\/index.php?rest_route=\/wp\/v2\/posts\/30982\/revisions"}],"predecessor-version":[{"id":30984,"href":"https:\/\/contraluzcucuta.co\/index.php?rest_route=\/wp\/v2\/posts\/30982\/revisions\/30984"}],"wp:featuredmedia":[{"embeddable":true,"href":"https:\/\/contraluzcucuta.co\/index.php?rest_route=\/wp\/v2\/media\/30983"}],"wp:attachment":[{"href":"https:\/\/contraluzcucuta.co\/index.php?rest_route=%2Fwp%2Fv2%2Fmedia&parent=30982"}],"wp:term":[{"taxonomy":"category","embeddable":true,"href":"https:\/\/contraluzcucuta.co\/index.php?rest_route=%2Fwp%2Fv2%2Fcategories&post=30982"},{"taxonomy":"post_tag","embeddable":true,"href":"https:\/\/contraluzcucuta.co\/index.php?rest_route=%2Fwp%2Fv2%2Ftags&post=30982"}],"curies":[{"name":"wp","href":"https:\/\/api.w.org\/{rel}","templated":true}]}}