{"id":30975,"date":"2017-10-18T21:33:52","date_gmt":"2017-10-19T02:33:52","guid":{"rendered":"http:\/\/contraluzcucuta.co\/?p=30975"},"modified":"2017-10-18T21:33:52","modified_gmt":"2017-10-19T02:33:52","slug":"dia-de-la-raza-los-motilon-bari-celebraron-con-deporte-y-su-cultura-tradicional","status":"publish","type":"post","link":"https:\/\/contraluzcucuta.co\/?p=30975","title":{"rendered":"D\u00cdA DE LA RAZA. Los Motil\u00f3n Bar\u00ed celebraron con deporte y su cultura tradicional"},"content":{"rendered":"<p style=\"padding-left: 30px;\"><strong>C\u00daCUTA.-<\/strong> La Gobernaci\u00f3n e Indenorte conmemoraron el D\u00eda Internacional de la Diversidad Cultural, o D\u00eda de la Raza. Las actividades se cumplieron en la comunidad Karikachabokira, de la tribu ind\u00edgena Motil\u00f3n Bar\u00ed, que tiene asentamiento en El Catatumbo.<\/p>\n<p>Competencias de encostalados, partidos de f\u00fatbol y juegos tradicionales hicieron parte de la programaci\u00f3n. La comunidad estuvo acompa\u00f1ada por el Ministerio de Relaciones Exteriores con el Plan Fronteras para la Prosperidad; la ONG Fundaci\u00f3n de Apoyo al Deporte Aficionado (Fada); Parques Nacionales Naturales Colombia (PNNC) y la Gobernaci\u00f3n de Norte de Santander.<\/p>\n<p>David Castillo, director de Indenorte, dijo que el 12 de octubre se celebra esta llamada \u2018fiesta de la hispanidad\u2019 y se recuerda la unidad de los pueblos que tienen en com\u00fan el idioma, la religi\u00f3n, la raza y cultura.<\/p>\n<p>En la actividad se entregaron balones, mallas, paquetes escolares y complementos alimenticios, donados por la embajada de Estados Unidos, la Gobernaci\u00f3n y el Ej\u00e9rcito. <\/p>\n","protected":false},"excerpt":{"rendered":"<p>C\u00daCUTA.- La Gobernaci\u00f3n e Indenorte conmemoraron el D\u00eda Internacional de la Diversidad Cultural, o D\u00eda de la Raza. Las actividades se cumplieron en la comunidad Karikachabokira, de la tribu ind\u00edgena Motil\u00f3n Bar\u00ed, que tiene asentamiento en El Catatumbo. Competencias de encostalados, partidos de f\u00fatbol y juegos tradicionales hicieron parte de la programaci\u00f3n. La comunidad estuvo &hellip;<\/p>\n","protected":false},"author":1,"featured_media":30976,"comment_status":"open","ping_status":"open","sticky":false,"template":"","format":"standard","meta":{"footnotes":""},"categories":[2630],"tags":[1498,379,470],"class_list":["post-30975","post","type-post","status-publish","format-standard","has-post-thumbnail","hentry","category-gobernacion","tag-comunidad-motilon-bari","tag-gobernacion-de-norte-de-santander","tag-indenorte"],"_links":{"self":[{"href":"https:\/\/contraluzcucuta.co\/index.php?rest_route=\/wp\/v2\/posts\/30975","targetHints":{"allow":["GET"]}}],"collection":[{"href":"https:\/\/contraluzcucuta.co\/index.php?rest_route=\/wp\/v2\/posts"}],"about":[{"href":"https:\/\/contraluzcucuta.co\/index.php?rest_route=\/wp\/v2\/types\/post"}],"author":[{"embeddable":true,"href":"https:\/\/contraluzcucuta.co\/index.php?rest_route=\/wp\/v2\/users\/1"}],"replies":[{"embeddable":true,"href":"https:\/\/contraluzcucuta.co\/index.php?rest_route=%2Fwp%2Fv2%2Fcomments&post=30975"}],"version-history":[{"count":1,"href":"https:\/\/contraluzcucuta.co\/index.php?rest_route=\/wp\/v2\/posts\/30975\/revisions"}],"predecessor-version":[{"id":30977,"href":"https:\/\/contraluzcucuta.co\/index.php?rest_route=\/wp\/v2\/posts\/30975\/revisions\/30977"}],"wp:featuredmedia":[{"embeddable":true,"href":"https:\/\/contraluzcucuta.co\/index.php?rest_route=\/wp\/v2\/media\/30976"}],"wp:attachment":[{"href":"https:\/\/contraluzcucuta.co\/index.php?rest_route=%2Fwp%2Fv2%2Fmedia&parent=30975"}],"wp:term":[{"taxonomy":"category","embeddable":true,"href":"https:\/\/contraluzcucuta.co\/index.php?rest_route=%2Fwp%2Fv2%2Fcategories&post=30975"},{"taxonomy":"post_tag","embeddable":true,"href":"https:\/\/contraluzcucuta.co\/index.php?rest_route=%2Fwp%2Fv2%2Ftags&post=30975"}],"curies":[{"name":"wp","href":"https:\/\/api.w.org\/{rel}","templated":true}]}}