{"id":30972,"date":"2017-10-18T21:19:38","date_gmt":"2017-10-19T02:19:38","guid":{"rendered":"http:\/\/contraluzcucuta.co\/?p=30972"},"modified":"2017-10-18T21:19:38","modified_gmt":"2017-10-19T02:19:38","slug":"rueda-de-negocios-alcaldia-de-cucuta-apoya-jornada-de-preparacion","status":"publish","type":"post","link":"https:\/\/contraluzcucuta.co\/?p=30972","title":{"rendered":"RUEDA DE NEGOCIOS. Alcald\u00eda de C\u00facuta apoya jornada de preparaci\u00f3n"},"content":{"rendered":"<p style=\"padding-left: 30px;\"><strong>C\u00daCUTA.-<\/strong> Productores cucute\u00f1os en confecci\u00f3n textil y cuero, calzado y marroquiner\u00eda; construcci\u00f3n y agroindustria se preparan para participar en la pr\u00f3xima Rueda de Negocios que organizar\u00e1n Propa\u00eds y el Ministerio de Comercio, Industria y Turismo en esta ciudad. La actividad, prevista para el 26 de octubre, est\u00e1 articulada con la Alcald\u00eda de C\u00facuta.<\/p>\n<p>Las inscripciones para los participantes se abrir\u00e1n, este &nbsp;19 de octubre, en el Teatro Municipal. Las dos jornadas de trabajo ir\u00e1n de 9:00 de la ma\u00f1ana a 12:30 del d\u00eda y de 2:00 a 5:00 de la tarde.<\/p>\n<p>Los asistentes, b\u00e1sicamente, corresponder\u00e1n al sistema moda y se los capacitar\u00e1 con herramientas y acciones que les servir\u00e1n para ofertar de manera adecuada los productos. Tendr\u00e1n citas con las grandes empresas en la Rueda de Negocios, el \u00faltimo jueves de octubre.<\/p>\n<p>Entre los objetivos est\u00e1 buscar que las empresas locales se conviertan en proveedores de grandes superficies. El prop\u00f3sito principal se enmarca dentro del incentivo de lograr el mercado interno, promovido por el Ministerio de Comercio, Industria y Turismo y Propa\u00eds. La estrategia \u2018Compra Colombiano\u2019 est\u00e1 dise\u00f1ada para impulsar el crecimiento empresarial e industrial de micro, peque\u00f1as y medianas empresas.<\/p>\n<p>Seg\u00fan el Ministerio de Comercio, en este momento existe articulaci\u00f3n con la Alcald\u00eda de C\u00facuta y el evento identifica el problema que vive la ciudadan\u00eda para el acceso a mercados, por eso se enfoc\u00f3 a los sectores de la confecci\u00f3n, la marroquiner\u00eda y accesorios, la confecci\u00f3n y la agroindustria.<\/p>\n<p>Propa\u00eds, Ministerio de Comercio y Alcald\u00eda de C\u00facuta invitaron a los productores locales &nbsp;a hacer parte del selecto grupo al participar como comprador en la Rueda de Negocios. <\/p>\n","protected":false},"excerpt":{"rendered":"<p>C\u00daCUTA.- Productores cucute\u00f1os en confecci\u00f3n textil y cuero, calzado y marroquiner\u00eda; construcci\u00f3n y agroindustria se preparan para participar en la pr\u00f3xima Rueda de Negocios que organizar\u00e1n Propa\u00eds y el Ministerio de Comercio, Industria y Turismo en esta ciudad. La actividad, prevista para el 26 de octubre, est\u00e1 articulada con la Alcald\u00eda de C\u00facuta. Las inscripciones &hellip;<\/p>\n","protected":false},"author":1,"featured_media":30973,"comment_status":"open","ping_status":"open","sticky":false,"template":"","format":"standard","meta":{"footnotes":""},"categories":[2625],"tags":[3807,3551,753],"class_list":["post-30972","post","type-post","status-publish","format-standard","has-post-thumbnail","hentry","category-alcaldia-de-cucuta","tag-ministerio-de-comercio-y-turismo","tag-propais","tag-rueda-de-negocios"],"_links":{"self":[{"href":"https:\/\/contraluzcucuta.co\/index.php?rest_route=\/wp\/v2\/posts\/30972","targetHints":{"allow":["GET"]}}],"collection":[{"href":"https:\/\/contraluzcucuta.co\/index.php?rest_route=\/wp\/v2\/posts"}],"about":[{"href":"https:\/\/contraluzcucuta.co\/index.php?rest_route=\/wp\/v2\/types\/post"}],"author":[{"embeddable":true,"href":"https:\/\/contraluzcucuta.co\/index.php?rest_route=\/wp\/v2\/users\/1"}],"replies":[{"embeddable":true,"href":"https:\/\/contraluzcucuta.co\/index.php?rest_route=%2Fwp%2Fv2%2Fcomments&post=30972"}],"version-history":[{"count":1,"href":"https:\/\/contraluzcucuta.co\/index.php?rest_route=\/wp\/v2\/posts\/30972\/revisions"}],"predecessor-version":[{"id":30974,"href":"https:\/\/contraluzcucuta.co\/index.php?rest_route=\/wp\/v2\/posts\/30972\/revisions\/30974"}],"wp:featuredmedia":[{"embeddable":true,"href":"https:\/\/contraluzcucuta.co\/index.php?rest_route=\/wp\/v2\/media\/30973"}],"wp:attachment":[{"href":"https:\/\/contraluzcucuta.co\/index.php?rest_route=%2Fwp%2Fv2%2Fmedia&parent=30972"}],"wp:term":[{"taxonomy":"category","embeddable":true,"href":"https:\/\/contraluzcucuta.co\/index.php?rest_route=%2Fwp%2Fv2%2Fcategories&post=30972"},{"taxonomy":"post_tag","embeddable":true,"href":"https:\/\/contraluzcucuta.co\/index.php?rest_route=%2Fwp%2Fv2%2Ftags&post=30972"}],"curies":[{"name":"wp","href":"https:\/\/api.w.org\/{rel}","templated":true}]}}