{"id":30964,"date":"2017-10-18T20:09:56","date_gmt":"2017-10-19T01:09:56","guid":{"rendered":"http:\/\/contraluzcucuta.co\/?p=30964"},"modified":"2017-10-18T20:25:37","modified_gmt":"2017-10-19T01:25:37","slug":"visita-la-frontera-cuatro-ministras-revisaron-documento-la-apuesta-al-desarrollo-de-la-region","status":"publish","type":"post","link":"https:\/\/contraluzcucuta.co\/?p=30964","title":{"rendered":"VISITA A LA FRONTERA. Cuatro ministras revisaron documento \u2018La apuesta al desarrollo de la regi\u00f3n\u2019"},"content":{"rendered":"<p style=\"padding-left: 30px;\"><strong>C\u00daCUTA.-<\/strong> Las ministras de Relaciones Exteriores, Mar\u00eda \u00c1ngela Holgu\u00edn; de Comercio, Industria y Turismo, Mar\u00eda Lorena Guti\u00e9rrez, y de Trabajo, Griselda Janeth Restrepo, y la viceministra de Defensa, Mariana Mart\u00ednez, revisaron en C\u00facuta las actuaciones y medidas adoptadas para atender las situaciones originadas en Norte de Santander, por el cierre de frontera ordenado hace m\u00e1s de dos a\u00f1os desde Caracas.<\/p>\n<p>La agenda de trabajo incluy\u00f3 reuniones con autoridades militares, policiales y civiles de la frontera. El ministerio de Relaciones Exteriores trabaja de manera articulada con entidades nacionales, departamentales y locales con el prop\u00f3sito de abordar acciones para el desarrollo fronterizo.<\/p>\n<p>Perspectivas para la reactivaci\u00f3n econ\u00f3mica y laboral, temas migratorios y de seguridad, fueron abordados en la reuni\u00f3n, que culmin\u00f3 con un \u201cpanorama claro\u201d sobre Norte de Santander.<\/p>\n<p>La canciller Holgu\u00edn explic\u00f3 que revisaron el documento \u2018La apuesta al desarrollo de la regi\u00f3n\u2019, \u201ctrabajado por todos los sectores y en el cual es clar\u00edsima la concordancia que tienen entre el Gobierno y las autoridades locales y regionales para lograr una reactivaci\u00f3n en el departamento y en la ciudad\u201d.<\/p>\n<p>Tras la reuni\u00f3n, los cinco anuncios m\u00e1s importantes para Norte de Santander son:<\/p>\n<p>1.- Se destinar\u00e1n 1000 millones de pesos para la segunda etapa del proyecto \u201cC\u00facuta Ciudad Maquila\u201d que actualmente en su primera fase beneficia 75 empresas.<\/p>\n<p>2.- Mincomercio mediante Innpulsa aportar\u00e1 800 millones de pesos para la ejecuci\u00f3n de proyectos de Reconversi\u00f3n Socio-Laboral. En la actualidad ya est\u00e1 en marcha una iniciativa similar dirigida a pimpineros quienes ahora trabajan con aceites residuales.<\/p>\n<p>3.- Doce municipios catalogados como Zonas M\u00e1s Afectadas por el Conflicto (ZOMAC) recibir\u00e1n 1000 millones de pesos para el desarrollo de estos lugares con incentivos para crear empresas. Bucarasica, Convenci\u00f3n, El Carmen, El Tarra, El Zulia, Hacar\u00ed, La Playa, San Calixto, Santiago, Sardinata, Teorama y Tib\u00fa ser\u00e1n los beneficiados.<\/p>\n<p>4.- Bancoldex dispondr\u00e1 de 200.000 millones de pesos en una nueva l\u00ednea de cr\u00e9ditos de inversi\u00f3n, especialmente para confecciones y calzado con una taza favorable, un a\u00f1o de gracia y con plazos de cinco y seis a\u00f1os para el pago.<\/p>\n<p>5.- La Gobernaci\u00f3n de Norte de Santander deber\u00e1 radicar ante el Departamento Nacional de Planeaci\u00f3n (DNP) un proyecto por 7000 millones de pesos. Estos recursos fueron anunciados por el presidente Juan Manuel Santos para adecuar las instalaciones de la Zona Franca, haci\u00e9ndola m\u00e1s atractiva para inversionistas internacionales.<\/p>\n<p>El documento, presentado por el alcalde C\u00e9sar Rojas, contiene \u201calgo que nos ha parecido de gran importancia, y es una visi\u00f3n com\u00fan que tienen los alcaldes de la regi\u00f3n, el Gobernador de Norte de Santander y el sector privado, de hacia d\u00f3nde debe ser el desarrollo de la ciudad y del departamento\u201d, indic\u00f3 la ministra Holgu\u00edn.<\/p>\n<p>En relaci\u00f3n con el tema migratorio, la Canciller se\u00f1al\u00f3 que las cifras de procedentes de Venezuela se han mantenido similares en los \u00faltimos meses.&nbsp; \u201cAlrededor de 30.000 personas entran y salen de C\u00facuta\u201d, de acuerdo con datos proporcionados por la Canciller.&nbsp;<\/p>\n<p>En simult\u00e1nea a esta visita, el equipo de la Direcci\u00f3n para el Desarrollo y la Integraci\u00f3n Fronteriza de la Canciller\u00eda, liderado por V\u00edctor Bautista, present\u00f3 un balance de la intervenci\u00f3n en el departamento por medio del Plan Fronteras para la Prosperidad.<\/p>\n<p>En Norte de Santander los trabajos ejecutados son:<\/p>\n<p>1.- Ministerio de Relaciones Exteriores. Implementaci\u00f3n de 117 proyectos en ambiente, cultura, deportes, educaci\u00f3n, energ\u00eda, gobernabilidad y fortalecimiento institucional y salud e identificaci\u00f3n. La inversi\u00f3n total alcanza los $ 14.800 millones, de los cuales Canciller\u00eda ha aportado $ 8554 millones.<\/p>\n<p>2.- Plan Fronteras para la Prosperidad. Ha desarrollado un proceso de intervenci\u00f3n y fortalecimiento de la presencia del Estado en las zonas de frontera mediante la actuaci\u00f3n articulada con autoridades nacionales, regionales y locales, y con comunidades, como directas beneficiadas.<\/p>\n<p>Durante la visita, funcionarios de la Canciller\u00eda inauguraron el primer \u2018muro vivo\u2019 de la ciudad, en la Terminal de Transportes de C\u00facuta. El proyecto se ejecut\u00f3 con la Asociaci\u00f3n Aire. Es un concepto que une la cultura, el arte y el medio ambiente con murales intervenidos con pinturas fotocatal\u00edticas, que tienen la capacidad de descontaminar el aire de la misma manera que lo hace un \u00e1rbol adulto.<\/p>\n<p>El mural de C\u00facuta fue intervenido por artistas locales que trabajaron en el concepto art\u00edstico del proyecto inspir\u00e1ndose en tem\u00e1ticas relacionadas con la regi\u00f3n. Adem\u00e1s, cont\u00f3 con la participaci\u00f3n de vecinos de la zona, que plasmaron en el muro testimonios propios con mensajes que promueven el cuidado del medioambiente y del entorno.<\/p>\n<p>El gobernador encargado de Norte de Santander, Luis Fernando Ni\u00f1o; el alcalde de C\u00facuta, C\u00e9sar Rojas, y el Comandante de la Regional 5 de Polic\u00eda, general Gustavo Moreno, resaltaron el liderazgo de la canciller Mar\u00eda \u00c1ngela Holgu\u00edn en la articulaci\u00f3n de los temas de frontera.<\/p>\n<p><strong>C\u00e9sar Rojas \u2013 Alcalde de C\u00facuta<\/strong><\/p>\n<p>\u201cQuiero agradecerle a la Canciller ese liderazgo de tener hoy en C\u00facuta a tres ministras. Estaban clamando que vinieran la ministra de Comercio y la ministra de Trabajo. Tuvimos una importante reuni\u00f3n que sirvi\u00f3 para enfocar en decisiones para la reactivaci\u00f3n del departamento y la ciudad. La visita fue productiva para la ciudad y para la regi\u00f3n, porque se abordaron todos los temas. Con la Canciller\u00eda venimos trabajando desde hace tiempo de forma coordinada\u201d.<\/p>\n<p><strong>Luis Fernando Ni\u00f1o \u2013 Gobernador encargado<\/strong><\/p>\n<p>\u201cSiempre est\u00e1 ac\u00e1 con nosotros. Tenemos que cambiar la \u00f3ptica de mirar hacia el otro; si no de revisar hacia nuestro lado, para revisar las estrategias con las que todo el departamento y la ciudad para solucionar la crisis\u201d.<\/p>\n<p><strong>General Gustavo Moreno \u2013 Comandante Regi\u00f3n 5<\/strong><\/p>\n<p>Resalt\u00f3 el trabajo de la Canciller\u00eda para \u201cpara buscar el acercamiento con Venezuela y tratar de reactivar el Centro Binacional contra el Crimen Organizado Trasnacional, un instrumento v\u00e1lido a la hora de intercambiar informaci\u00f3n y a la hora de generar acciones bilaterales\u201d.<\/p>\n<p>&nbsp; <\/p>\n","protected":false},"excerpt":{"rendered":"<p>C\u00daCUTA.- Las ministras de Relaciones Exteriores, Mar\u00eda \u00c1ngela Holgu\u00edn; de Comercio, Industria y Turismo, Mar\u00eda Lorena Guti\u00e9rrez, y de Trabajo, Griselda Janeth Restrepo, y la viceministra de Defensa, Mariana Mart\u00ednez, revisaron en C\u00facuta las actuaciones y medidas adoptadas para atender las situaciones originadas en Norte de Santander, por el cierre de frontera ordenado hace m\u00e1s &hellip;<\/p>\n","protected":false},"author":1,"featured_media":30965,"comment_status":"open","ping_status":"open","sticky":false,"template":"","format":"standard","meta":{"footnotes":""},"categories":[4,32],"tags":[557,2483,3853],"class_list":["post-30964","post","type-post","status-publish","format-standard","has-post-thumbnail","hentry","category-barra","category-recorrido-por-la-region","tag-canciller-maria-angela-holguin","tag-crisis-en-la-frontera","tag-visita-de-ministras-a-la-frontera"],"_links":{"self":[{"href":"https:\/\/contraluzcucuta.co\/index.php?rest_route=\/wp\/v2\/posts\/30964","targetHints":{"allow":["GET"]}}],"collection":[{"href":"https:\/\/contraluzcucuta.co\/index.php?rest_route=\/wp\/v2\/posts"}],"about":[{"href":"https:\/\/contraluzcucuta.co\/index.php?rest_route=\/wp\/v2\/types\/post"}],"author":[{"embeddable":true,"href":"https:\/\/contraluzcucuta.co\/index.php?rest_route=\/wp\/v2\/users\/1"}],"replies":[{"embeddable":true,"href":"https:\/\/contraluzcucuta.co\/index.php?rest_route=%2Fwp%2Fv2%2Fcomments&post=30964"}],"version-history":[{"count":2,"href":"https:\/\/contraluzcucuta.co\/index.php?rest_route=\/wp\/v2\/posts\/30964\/revisions"}],"predecessor-version":[{"id":30968,"href":"https:\/\/contraluzcucuta.co\/index.php?rest_route=\/wp\/v2\/posts\/30964\/revisions\/30968"}],"wp:featuredmedia":[{"embeddable":true,"href":"https:\/\/contraluzcucuta.co\/index.php?rest_route=\/wp\/v2\/media\/30965"}],"wp:attachment":[{"href":"https:\/\/contraluzcucuta.co\/index.php?rest_route=%2Fwp%2Fv2%2Fmedia&parent=30964"}],"wp:term":[{"taxonomy":"category","embeddable":true,"href":"https:\/\/contraluzcucuta.co\/index.php?rest_route=%2Fwp%2Fv2%2Fcategories&post=30964"},{"taxonomy":"post_tag","embeddable":true,"href":"https:\/\/contraluzcucuta.co\/index.php?rest_route=%2Fwp%2Fv2%2Ftags&post=30964"}],"curies":[{"name":"wp","href":"https:\/\/api.w.org\/{rel}","templated":true}]}}