{"id":30961,"date":"2017-10-18T19:26:35","date_gmt":"2017-10-19T00:26:35","guid":{"rendered":"http:\/\/contraluzcucuta.co\/?p=30961"},"modified":"2017-10-18T19:26:35","modified_gmt":"2017-10-19T00:26:35","slug":"testimonio-del-padre-capucho-aprendi-defender-la-educacion","status":"publish","type":"post","link":"https:\/\/contraluzcucuta.co\/?p=30961","title":{"rendered":"TESTIMONIO. Del padre Capucho aprend\u00ed a defender la educaci\u00f3n"},"content":{"rendered":"<p style=\"padding-left: 30px;\"><strong>VILLA DEL ROSARIO \u2013 Norte de Santander<\/strong>.- #UniPamplonaAlzaLaVoz, es la tendencia que los estudiantes orgullosos de la Universidad&nbsp; de Pamplona han mantenido durante varias semanas, en respuesta a las paup\u00e9rrimas rector\u00edas y manejos administrativos que la tienen mal posicionada financieramente. Los alumnos est\u00e1n convencidos de tener la capacidad de cambiar la situaci\u00f3n desde las l\u00edneas legales establecidas.<\/p>\n<p>La gente del port\u00f3n para afuera de la universidad, supone que \u201clos gamines y v\u00e1ndalos\u201d que se tomaron este territorio llevan d\u00edas de rumbas extendidas, libertinaje con sexo, alcohol, drogas, mujeres y hombres desnudos corriendo por los espacios verdes y salones. Escuchar esos comentarios en las busetas destroza mi alma, \u00a1destrozada por los consecutivos intentos de homicidio a la educaci\u00f3n colombiana!<\/p>\n<p>Vamos a aclarar las versiones. En nuestra universidad no hay bandidos, esos est\u00e1n en las c\u00e1rceles y calles de C\u00facuta y el \u00c1rea Metropolitana. Aqu\u00ed, vivimos ciudadanos que vienen con la fiel convicci\u00f3n de cambiar el pa\u00eds, y a ofrecer lo mejor de s\u00ed mismos para que los dem\u00e1s j\u00f3venes que tienen la idea de salir del colegio para ingresar a la educaci\u00f3n superior, tengan esa oportunidad de manera digna y no miserable, o m\u00e1s miserable de lo que es hoy, \u201clegalmente\u201d.<\/p>\n<p>Nunca hab\u00eda sentido a la universidad tan unida, o por lo menos en Villa del Rosario. La diversidad cultural que reside en este lugar, adem\u00e1s de ser universal, constantemente amerita a formalizar entornos sociales de discusi\u00f3n pasiva, para conocerse unos con otros y respetarse en ese contexto.<\/p>\n<p>Somos diferentes, pensamos distinto, con ideales pol\u00edticos universales y, aun as\u00ed, seguimos en pie de lucha por razones de inter\u00e9s nacional, calidad en la educaci\u00f3n y trasparencia financiera. La honra de cualquier alma m\u00e1ter.<\/p>\n<p>No estamos en paro, estamos en cese de actividades. Eso quiere decir que dentro de la universidad se trabaja continuamente en los procesos que le corresponden para alcanzar el bienestar. Se efect\u00faan continuas reuniones, talleres, integraciones y actividades que complementan el an\u00e1lisis acad\u00e9mico administrativo con la convivencia.<\/p>\n<p>As\u00ed como los organismos de socorro deben organizar las provisiones que llegan despu\u00e9s de una cat\u00e1strofe, nos organizamos en todos los aspectos, desde log\u00edstica, guardia, recolecci\u00f3n de alimentos, elaboraci\u00f3n de desayunos, almuerzos, comida, redes sociales, mesas de di\u00e1logos y otras etapas que conllevan un cese de actividades.&nbsp;<\/p>\n<p>La pr\u00f3xima vez que vaya en una buseta no quiero escuchar \u201cesos chinos toches s\u00ed joden, no quieren estudiar, solo quieren mantenerse fumando\u201d. \u00a1Se\u00f1ora!, estos chinos toches luchan por una educaci\u00f3n p\u00fablica y de calidad; adem\u00e1s, luchan por la trasparencia financiera de una universidad que debe impactar en el \u00e1rea binacional.<\/p>\n<p>Durante este proceso de lucha he tenido presente a Sim\u00f3n Bol\u00edvar, y no porque haya sido el gran comunicador de Am\u00e9rica Latina, sino por esta frase: <em>\u201cMaldito el soldado que apunta su arma contra su pueblo\u201d. <\/em>En mis momentos de reflexi\u00f3n me pregunt\u00e9 \u00bfDejar una universidad completa con d\u00e9ficit financiero, mantener una calidad de docentes en \u00e1mbitos irregulares y tener programas acad\u00e9micos en estado de muerte (sin renovaci\u00f3n de registros calificados), eso no es apuntar y disparar contra su pueblo? Pobre Libertador, debe estar revolc\u00e1ndose en la tumba, mientras nosotros mor\u00edamos en el silencio.<\/p>\n<p>Solo hasta este momento entend\u00ed la magnitud de la actividad de una universidad, exigir mis derechos como estudiante y como parte de la sociedad. Luchar contra el hambre, sue\u00f1o, fr\u00edo, sed, malos olores y, sobre todo, contra el silencio de un rector que piensa una docena de veces antes de decir tres palabras.<\/p>\n<p>Que esta lucha d\u00e9 como resultado la garant\u00eda de una educaci\u00f3n digna y pensada en la consolidaci\u00f3n de la sociedad cada vez m\u00e1s ajena a la violencia. Que se deje de perseguir a los j\u00f3venes para entregarles un fusil y que se persigan para entregarles un t\u00edtulo. Necesitamos m\u00e1s t\u00edtulos en cartones que nombres y fechas en l\u00e1pidas. Solo por medio de la educaci\u00f3n lo lograremos.<\/p>\n<p><strong>ISMAEL CAICEDO<\/strong> <\/p>\n","protected":false},"excerpt":{"rendered":"<p>VILLA DEL ROSARIO \u2013 Norte de Santander.- #UniPamplonaAlzaLaVoz, es la tendencia que los estudiantes orgullosos de la Universidad&nbsp; de Pamplona han mantenido durante varias semanas, en respuesta a las paup\u00e9rrimas rector\u00edas y manejos administrativos que la tienen mal posicionada financieramente. Los alumnos est\u00e1n convencidos de tener la capacidad de cambiar la situaci\u00f3n desde las l\u00edneas &hellip;<\/p>\n","protected":false},"author":1,"featured_media":30962,"comment_status":"open","ping_status":"open","sticky":false,"template":"","format":"standard","meta":{"footnotes":""},"categories":[74,4],"tags":[2597,3852,3552,161],"class_list":["post-30961","post","type-post","status-publish","format-standard","has-post-thumbnail","hentry","category-aula-universitaria","category-barra","tag-aula-universitaria","tag-cese-de-actividades","tag-rector-ivaldo-torres-chavez","tag-universidad-de-pamplona"],"_links":{"self":[{"href":"https:\/\/contraluzcucuta.co\/index.php?rest_route=\/wp\/v2\/posts\/30961","targetHints":{"allow":["GET"]}}],"collection":[{"href":"https:\/\/contraluzcucuta.co\/index.php?rest_route=\/wp\/v2\/posts"}],"about":[{"href":"https:\/\/contraluzcucuta.co\/index.php?rest_route=\/wp\/v2\/types\/post"}],"author":[{"embeddable":true,"href":"https:\/\/contraluzcucuta.co\/index.php?rest_route=\/wp\/v2\/users\/1"}],"replies":[{"embeddable":true,"href":"https:\/\/contraluzcucuta.co\/index.php?rest_route=%2Fwp%2Fv2%2Fcomments&post=30961"}],"version-history":[{"count":1,"href":"https:\/\/contraluzcucuta.co\/index.php?rest_route=\/wp\/v2\/posts\/30961\/revisions"}],"predecessor-version":[{"id":30963,"href":"https:\/\/contraluzcucuta.co\/index.php?rest_route=\/wp\/v2\/posts\/30961\/revisions\/30963"}],"wp:featuredmedia":[{"embeddable":true,"href":"https:\/\/contraluzcucuta.co\/index.php?rest_route=\/wp\/v2\/media\/30962"}],"wp:attachment":[{"href":"https:\/\/contraluzcucuta.co\/index.php?rest_route=%2Fwp%2Fv2%2Fmedia&parent=30961"}],"wp:term":[{"taxonomy":"category","embeddable":true,"href":"https:\/\/contraluzcucuta.co\/index.php?rest_route=%2Fwp%2Fv2%2Fcategories&post=30961"},{"taxonomy":"post_tag","embeddable":true,"href":"https:\/\/contraluzcucuta.co\/index.php?rest_route=%2Fwp%2Fv2%2Ftags&post=30961"}],"curies":[{"name":"wp","href":"https:\/\/api.w.org\/{rel}","templated":true}]}}