{"id":30922,"date":"2017-10-13T20:49:55","date_gmt":"2017-10-14T01:49:55","guid":{"rendered":"http:\/\/contraluzcucuta.co\/?p=30922"},"modified":"2017-10-13T20:49:55","modified_gmt":"2017-10-14T01:49:55","slug":"cumpleanos-mi-mejor-regalo-es-ver-felices-los-abuelos-cesar-rojas","status":"publish","type":"post","link":"https:\/\/contraluzcucuta.co\/?p=30922","title":{"rendered":"CUMPLEA\u00d1OS. Mi mejor regalo es ver felices a los abuelos: C\u00e9sar Rojas"},"content":{"rendered":"<p><strong>C\u00daCUTA.-<\/strong> El Alcalde C\u00e9sar Rojas celebr\u00f3 el cumplea\u00f1os en el&nbsp; hogar de abuelos \u2018Jes\u00fas de Nazareth- Madre Teresa de Calcuta. Previo a la fecha hab\u00eda solicitado que los regalos se canalizaran para la instituci\u00f3n. Las contribuciones de los funcionarios consistieron en aportes alimentarios, \u00fatiles de aseo y otros elementos.<\/p>\n<p>Las ayudas hacen parte de planes y programas sociales que adelanta la administraci\u00f3n municipal para mejorar la calidad de vida de esa poblaci\u00f3n vulnerada por diferentes factores.&nbsp;<\/p>\n<p>\u201cEn este hogar del adulto mayor quiero dejar parte de mi coraz\u00f3n. Los obsequios que me ten\u00edan preparados funcionarios de la Alcald\u00eda&nbsp; por motivo de mi cumplea\u00f1os, los don\u00e9 a estos abuelos. \u00a1Ellos lo necesitan!\u201d, dijo emocionado.<\/p>\n<p>La entrega de los aportes contribuye a garantizar la alimentaci\u00f3n y la operatividad del centro, cuyo personal religioso se dedica diariamente a ofrecer un trabajo humano de calidad.<\/p>\n<p>Los beneficiados agradecieron la &nbsp;atenci\u00f3n para con el hogar, &nbsp;dise\u00f1ado para la protecci\u00f3n del adulto mayor. Resaltaron el apoyo del alcalde Rojas Ayala y del gabinete municipal a esta causa social. <\/p>\n","protected":false},"excerpt":{"rendered":"<p>C\u00daCUTA.- El Alcalde C\u00e9sar Rojas celebr\u00f3 el cumplea\u00f1os en el&nbsp; hogar de abuelos \u2018Jes\u00fas de Nazareth- Madre Teresa de Calcuta. Previo a la fecha hab\u00eda solicitado que los regalos se canalizaran para la instituci\u00f3n. Las contribuciones de los funcionarios consistieron en aportes alimentarios, \u00fatiles de aseo y otros elementos. Las ayudas hacen parte de planes &hellip;<\/p>\n","protected":false},"author":1,"featured_media":30923,"comment_status":"open","ping_status":"open","sticky":false,"template":"","format":"standard","meta":{"footnotes":""},"categories":[2625],"tags":[2733,226,3844],"class_list":["post-30922","post","type-post","status-publish","format-standard","has-post-thumbnail","hentry","category-alcaldia-de-cucuta","tag-alcalde-cesar-rojas","tag-alcaldia-de-cucuta","tag-hogar-madre-teresa-de-calcuta"],"_links":{"self":[{"href":"https:\/\/contraluzcucuta.co\/index.php?rest_route=\/wp\/v2\/posts\/30922","targetHints":{"allow":["GET"]}}],"collection":[{"href":"https:\/\/contraluzcucuta.co\/index.php?rest_route=\/wp\/v2\/posts"}],"about":[{"href":"https:\/\/contraluzcucuta.co\/index.php?rest_route=\/wp\/v2\/types\/post"}],"author":[{"embeddable":true,"href":"https:\/\/contraluzcucuta.co\/index.php?rest_route=\/wp\/v2\/users\/1"}],"replies":[{"embeddable":true,"href":"https:\/\/contraluzcucuta.co\/index.php?rest_route=%2Fwp%2Fv2%2Fcomments&post=30922"}],"version-history":[{"count":1,"href":"https:\/\/contraluzcucuta.co\/index.php?rest_route=\/wp\/v2\/posts\/30922\/revisions"}],"predecessor-version":[{"id":30924,"href":"https:\/\/contraluzcucuta.co\/index.php?rest_route=\/wp\/v2\/posts\/30922\/revisions\/30924"}],"wp:featuredmedia":[{"embeddable":true,"href":"https:\/\/contraluzcucuta.co\/index.php?rest_route=\/wp\/v2\/media\/30923"}],"wp:attachment":[{"href":"https:\/\/contraluzcucuta.co\/index.php?rest_route=%2Fwp%2Fv2%2Fmedia&parent=30922"}],"wp:term":[{"taxonomy":"category","embeddable":true,"href":"https:\/\/contraluzcucuta.co\/index.php?rest_route=%2Fwp%2Fv2%2Fcategories&post=30922"},{"taxonomy":"post_tag","embeddable":true,"href":"https:\/\/contraluzcucuta.co\/index.php?rest_route=%2Fwp%2Fv2%2Ftags&post=30922"}],"curies":[{"name":"wp","href":"https:\/\/api.w.org\/{rel}","templated":true}]}}