{"id":30918,"date":"2017-10-13T20:27:26","date_gmt":"2017-10-14T01:27:26","guid":{"rendered":"http:\/\/contraluzcucuta.co\/?p=30918"},"modified":"2017-10-13T20:27:53","modified_gmt":"2017-10-14T01:27:53","slug":"bloqueo-en-la-y-gobernador-califica-como-justas-peticiones-de-campesinos","status":"publish","type":"post","link":"https:\/\/contraluzcucuta.co\/?p=30918","title":{"rendered":"BLOQUEO EN LA Y. Gobernador califica como justas, peticiones de campesinos"},"content":{"rendered":"<p style=\"padding-left: 30px;\"><strong>LA Y DE ASTILLEROS \u2013 Norte de Santander.-<\/strong> La v\u00eda que comunica la Y de Astilleros con otros pueblos de Norte de Santander se mantiene cerrada por los campesinos que reclaman&nbsp; mejoramiento en la calidad de producci\u00f3n y comercializaci\u00f3n del arroz. El mercadeo del cereal ha ocasionado p\u00e9rdida a los agricultores del departamento.<\/p>\n<p>El gobernador William Villamizar dialog\u00f3 con los manifestantes y reconoci\u00f3 que las peticiones son justas. \u201cLas familias est\u00e1n produciendo a p\u00e9rdidas y necesitan el apoyo y el acompa\u00f1amiento del Gobierno para salir de la crisis\u201d. Reclam\u00f3 la presencia &nbsp;del ministro de Agricultura, Juan Guillermo Zuluaga, para que escuche a la comunidad.<\/p>\n<p>Otro grupo de campesinos se sum\u00f3 al bloqueo, con peticiones distintas a las de los arroceros. Provienen de El Catatumbo y de la subregi\u00f3n Occidental y tienen premura en la generaci\u00f3n de mejores calidades de vida en salud, educaci\u00f3n, v\u00edas secundarias y terciarias, y sustituci\u00f3n de cultivos il\u00edcitos.<\/p>\n<p>Luego de dialogar con los l\u00edderes de la protesta, se obtuvieron las siguientes conclusiones:<\/p>\n<p>1.- Salud. Se propone la construcci\u00f3n de las ESE para El Tarra y Convenci\u00f3n, se mejore la infraestructura hospitalaria y haya mejor pago para los m\u00e9dicos. \u201cHemos sido claros en la dificultad que tenemos en abrir m\u00e1s hospitales, pero esta es una petici\u00f3n generalizada que se le ha hecho al Ministerio para contar con apoyo\u201d.<\/p>\n<p>2.- Educaci\u00f3n. Se acabar\u00e1 la contrataci\u00f3n tercerizada de los docentes. La Gobernaci\u00f3n tiene fijado que desde el primero de enero, ser\u00e1n nombrados de manera oficial mil profesores para El Catatumbo y la subregi\u00f3n Occidental.<\/p>\n<p>3.- V\u00edas. Se pedir\u00e1 acompa\u00f1amiento al Gobierno. Ecopetrol ha incumplido a la comunidad, porque tienen para construir un puente vehicular hace 9 a\u00f1os en Teorama, y cada vez saca excusas diferentes.<\/p>\n<p>4.- Sustituci\u00f3n de cultivos il\u00edcitos. Se reafirm\u00f3 la voluntad del campesinado de buscar otras alternativas agr\u00edcolas que les generen el sustento econ\u00f3mico a cientos de familias. La administraci\u00f3n departamental gestiona ante el Gobierno una mesa de di\u00e1logo que genere respuestas a la comunidad, pero se ha aplazado en dos oportunidades por parte de los ministerios.<\/p>\n<p>Al final del encuentro, William Villamizar dej\u00f3 ver la voluntad de di\u00e1logo constante para mejorar la calidad de vida de la poblaci\u00f3n y evitar las v\u00edas de hecho por parte de la Fuerza P\u00fablica para desbloquear la carretera. \u201cSolicitamos al Gobierno que antes de pensar en intervenciones con el Escuadr\u00f3n M\u00f3vil Antidisturbios (Esmad), pensemos en que entre todos podemos ayudarle a esta poblaci\u00f3n, que bastantes problemas tiene con los temas de frontera, de v\u00edas y dem\u00e1s\u201d. <\/p>\n","protected":false},"excerpt":{"rendered":"<p>LA Y DE ASTILLEROS \u2013 Norte de Santander.- La v\u00eda que comunica la Y de Astilleros con otros pueblos de Norte de Santander se mantiene cerrada por los campesinos que reclaman&nbsp; mejoramiento en la calidad de producci\u00f3n y comercializaci\u00f3n del arroz. El mercadeo del cereal ha ocasionado p\u00e9rdida a los agricultores del departamento. El gobernador &hellip;<\/p>\n","protected":false},"author":1,"featured_media":30919,"comment_status":"open","ping_status":"open","sticky":false,"template":"","format":"standard","meta":{"footnotes":""},"categories":[2630],"tags":[3843,3842,2800],"class_list":["post-30918","post","type-post","status-publish","format-standard","has-post-thumbnail","hentry","category-gobernacion","tag-arroceros-de-norte-de-santander","tag-bloqueo-de-carreteras","tag-gobernador-william-villamizar"],"_links":{"self":[{"href":"https:\/\/contraluzcucuta.co\/index.php?rest_route=\/wp\/v2\/posts\/30918","targetHints":{"allow":["GET"]}}],"collection":[{"href":"https:\/\/contraluzcucuta.co\/index.php?rest_route=\/wp\/v2\/posts"}],"about":[{"href":"https:\/\/contraluzcucuta.co\/index.php?rest_route=\/wp\/v2\/types\/post"}],"author":[{"embeddable":true,"href":"https:\/\/contraluzcucuta.co\/index.php?rest_route=\/wp\/v2\/users\/1"}],"replies":[{"embeddable":true,"href":"https:\/\/contraluzcucuta.co\/index.php?rest_route=%2Fwp%2Fv2%2Fcomments&post=30918"}],"version-history":[{"count":2,"href":"https:\/\/contraluzcucuta.co\/index.php?rest_route=\/wp\/v2\/posts\/30918\/revisions"}],"predecessor-version":[{"id":30921,"href":"https:\/\/contraluzcucuta.co\/index.php?rest_route=\/wp\/v2\/posts\/30918\/revisions\/30921"}],"wp:featuredmedia":[{"embeddable":true,"href":"https:\/\/contraluzcucuta.co\/index.php?rest_route=\/wp\/v2\/media\/30919"}],"wp:attachment":[{"href":"https:\/\/contraluzcucuta.co\/index.php?rest_route=%2Fwp%2Fv2%2Fmedia&parent=30918"}],"wp:term":[{"taxonomy":"category","embeddable":true,"href":"https:\/\/contraluzcucuta.co\/index.php?rest_route=%2Fwp%2Fv2%2Fcategories&post=30918"},{"taxonomy":"post_tag","embeddable":true,"href":"https:\/\/contraluzcucuta.co\/index.php?rest_route=%2Fwp%2Fv2%2Ftags&post=30918"}],"curies":[{"name":"wp","href":"https:\/\/api.w.org\/{rel}","templated":true}]}}