{"id":30915,"date":"2017-10-13T19:44:38","date_gmt":"2017-10-14T00:44:38","guid":{"rendered":"http:\/\/contraluzcucuta.co\/?p=30915"},"modified":"2017-10-13T19:44:38","modified_gmt":"2017-10-14T00:44:38","slug":"dia-de-la-bicicleta-restriccion-vehicular-en-los-libertadores-atalaya-y-camilo-daza","status":"publish","type":"post","link":"https:\/\/contraluzcucuta.co\/?p=30915","title":{"rendered":"D\u00cdA DE LA BICICLETA. Restricci\u00f3n vehicular en Los Libertadores, Atalaya y \u2018Camilo Daza\u2019"},"content":{"rendered":"<p><strong>C\u00daCUTA.-<\/strong> El primer lunes festivo de octubre, cada a\u00f1o, seg\u00fan el Acuerdo 016 de 2016, se conmemorar\u00e1 el D\u00eda de la Bicicleta. En consecuencia, la Secretar\u00eda de Tr\u00e1nsito Municipal, mediante el Decreto 0644, determin\u00f3 algunas restricciones para la circulaci\u00f3n de automotores y motocicletas en la ciudad.<\/p>\n<p>El 16 de octubre, &nbsp;entre las 5:00 de la ma\u00f1ana y la 1:00 de la tarde, no podr\u00e1 transitarse por las siguientes v\u00edas, para darles paso a los ciclistas:<\/p>\n<p>1.- Avenida Los Libertadores. En las dos calzadas, desde la glorieta Arnulfo Brice\u00f1o hasta el retorno, en el conjunto residencial Oro Puro.<\/p>\n<p>2.- Avenida 7 (Camilo Daza). Sobre la calzada de la margen derecha, desde la glorieta de la Terminal hasta la glorieta el Aeropuerto (sentido norte &#8211; sur).<\/p>\n<p>3.- Autopista de la Ciudadela Juan Atalaya, desde la glorieta de El Palustre hasta la glorieta de Comuneros. Se incluye la restricci\u00f3n en el paso a desnivel.<\/p>\n<p>Los veh\u00edculos de transporte p\u00fablico colectivo que transitan por la autopista de Juan Atalaya (sentido oriente &#8211; Occidente), deben girar a la derecha en la glorieta de El Palustre para incorporarse a la Avenida Las Am\u00e9ricas y girar a la izquierda en la calle 5 del barrio Comuneros.<\/p>\n<p>Los veh\u00edculos de transporte p\u00fablico colectivo que transitan por la autopista de la ciudadela de Juan Atalaya (sentido occidente &#8211; oriente) deben girar a la derecha en la glorieta de Comuneros para incorporarse a la v\u00eda paralela a la Autopista de la ciudadela de Juan Atalaya.<\/p>\n<p>&#8220;Estas actividades son necesarias en la ciudad con el fin de cuidar el medio ambiente e incentivar el uso de la bicicleta en la ciudadan\u00eda&#8221;, afirm\u00f3 el secretario de Tr\u00e1nsito Municipal, Jos\u00e9 Luis Duarte Contreras. <\/p>\n","protected":false},"excerpt":{"rendered":"<p>C\u00daCUTA.- El primer lunes festivo de octubre, cada a\u00f1o, seg\u00fan el Acuerdo 016 de 2016, se conmemorar\u00e1 el D\u00eda de la Bicicleta. En consecuencia, la Secretar\u00eda de Tr\u00e1nsito Municipal, mediante el Decreto 0644, determin\u00f3 algunas restricciones para la circulaci\u00f3n de automotores y motocicletas en la ciudad. El 16 de octubre, &nbsp;entre las 5:00 de la &hellip;<\/p>\n","protected":false},"author":1,"featured_media":30916,"comment_status":"open","ping_status":"open","sticky":false,"template":"","format":"standard","meta":{"footnotes":""},"categories":[347,6],"tags":[3071,622,1869,678],"class_list":["post-30915","post","type-post","status-publish","format-standard","has-post-thumbnail","hentry","category-medio-ambiente","category-ojo-avizor","tag-dia-de-la-bicicleta","tag-policia-de-transito","tag-setra","tag-transito-municipal"],"_links":{"self":[{"href":"https:\/\/contraluzcucuta.co\/index.php?rest_route=\/wp\/v2\/posts\/30915","targetHints":{"allow":["GET"]}}],"collection":[{"href":"https:\/\/contraluzcucuta.co\/index.php?rest_route=\/wp\/v2\/posts"}],"about":[{"href":"https:\/\/contraluzcucuta.co\/index.php?rest_route=\/wp\/v2\/types\/post"}],"author":[{"embeddable":true,"href":"https:\/\/contraluzcucuta.co\/index.php?rest_route=\/wp\/v2\/users\/1"}],"replies":[{"embeddable":true,"href":"https:\/\/contraluzcucuta.co\/index.php?rest_route=%2Fwp%2Fv2%2Fcomments&post=30915"}],"version-history":[{"count":1,"href":"https:\/\/contraluzcucuta.co\/index.php?rest_route=\/wp\/v2\/posts\/30915\/revisions"}],"predecessor-version":[{"id":30917,"href":"https:\/\/contraluzcucuta.co\/index.php?rest_route=\/wp\/v2\/posts\/30915\/revisions\/30917"}],"wp:featuredmedia":[{"embeddable":true,"href":"https:\/\/contraluzcucuta.co\/index.php?rest_route=\/wp\/v2\/media\/30916"}],"wp:attachment":[{"href":"https:\/\/contraluzcucuta.co\/index.php?rest_route=%2Fwp%2Fv2%2Fmedia&parent=30915"}],"wp:term":[{"taxonomy":"category","embeddable":true,"href":"https:\/\/contraluzcucuta.co\/index.php?rest_route=%2Fwp%2Fv2%2Fcategories&post=30915"},{"taxonomy":"post_tag","embeddable":true,"href":"https:\/\/contraluzcucuta.co\/index.php?rest_route=%2Fwp%2Fv2%2Ftags&post=30915"}],"curies":[{"name":"wp","href":"https:\/\/api.w.org\/{rel}","templated":true}]}}