{"id":30904,"date":"2017-10-12T17:10:21","date_gmt":"2017-10-12T22:10:21","guid":{"rendered":"http:\/\/contraluzcucuta.co\/?p=30904"},"modified":"2017-10-12T17:10:21","modified_gmt":"2017-10-12T22:10:21","slug":"ufps-primer-nucleo-de-apoyo-contable-y-fiscal-de-norte-de-santander","status":"publish","type":"post","link":"https:\/\/contraluzcucuta.co\/?p=30904","title":{"rendered":"UFPS. Primer N\u00facleo de Apoyo Contable y Fiscal de Norte de Santander"},"content":{"rendered":"<p><strong>C\u00daCUTA.-<\/strong> Emprendedores, peque\u00f1os comerciantes y minoristas entre otros, que no tienen la posibilidad econ\u00f3mica de contratar asesor\u00eda tributaria, cuentan desde ahora con un lugar que facilita el acceso a los servicios de la Direcci\u00f3n de Impuestos y Aduanas Nacionales (Dian), en la ciudad.<\/p>\n<p>la Universidad Francisco de Paula Santander inaugur\u00f3 el primer N\u00facleo de Apoyo Contable y Fiscal (NAF) de Norte de Santander. El objetivo es prestar asistencia, orientaci\u00f3n y asesor\u00eda gratis.<\/p>\n<p>\u201cEs una oportunidad de aprendizaje para los estudiantes, que asumen el doble compromiso, representar a la UFPS y a la Dian\u201d, dijo la rectora Claudia Toloza, durante la apertura de la alianza.<\/p>\n<p>El convenio para la prestaci\u00f3n del servicio desde la universidad permite generar acercamientos entre dos instituciones para fortalecer las competencias de los futuros profesionales de contadur\u00eda p\u00fablica. \u201cEs una gran fortaleza de visibilizaci\u00f3n para demostrar que la UFPS est\u00e1 comprometida con la calidad, el mejoramiento y la disposici\u00f3n de servir a la comunidad\u201d, afirm\u00f3 la rectora.<\/p>\n<p>Josefa Cristina Tovar, directora de la Dian \u2013 Norte de Santander, indic\u00f3 que la apuesta de prestar servicios desde la UFPS se convierte en mejorar las relaciones con los ciudadanos, en especial las personas naturales, que diariamente solicitan informaci\u00f3n y asesor\u00eda a la entidad. \u201cConstituyen una herramienta de responsabilidad social empresarial, entre el Estado y las instituciones educativas\u201d.<\/p>\n<p>Consiste en un centro de atenci\u00f3n o punto de contacto con los ciudadanos de baja renta, personas naturales que tienen negocio peque\u00f1o o que son empleados y requieren orientaci\u00f3n en materia tributaria, cumplimiento de las obligaciones y tr\u00e1mites.<\/p>\n<p>El servicio para la ciudadan\u00eda es gratuito. Cada estudiante actuar\u00e1 como profesional en la prestaci\u00f3n de asesor\u00eda amigable y cercana en aras de fomentar el cumplimiento de las obligaciones tributarias.<\/p>\n<p>Cinco estudiantes de Contadur\u00eda P\u00fablica, de la materia desarrollo profesional, y que tienen promedio acad\u00e9mico alto fueron seleccionados para ser los primeros asesores del NAF en la UFPS. Los representantes de la Dian y UFPS tendr\u00e1n el compromiso de brindar asesor\u00eda contable y fiscal a toda persona que la solicite.<\/p>\n<p>Entre las asesor\u00edas se encuentran:<\/p>\n<p>1.- rientaci\u00f3n sobre el uso de los servicios en l\u00ednea del portal de la Dian<\/p>\n<p>2.- Acompa\u00f1amiento y orientaci\u00f3n en tr\u00e1mites de inscripci\u00f3n<\/p>\n<p>3.- Actualizaci\u00f3n y cancelaci\u00f3n del registro \u00fanico tributario.<\/p>\n<p>4.- Orientaci\u00f3n en actividades econ\u00f3micas<\/p>\n<p>5.- Diligenciamiento de las declaraciones de renta de personas naturales. <\/p>\n","protected":false},"excerpt":{"rendered":"<p>C\u00daCUTA.- Emprendedores, peque\u00f1os comerciantes y minoristas entre otros, que no tienen la posibilidad econ\u00f3mica de contratar asesor\u00eda tributaria, cuentan desde ahora con un lugar que facilita el acceso a los servicios de la Direcci\u00f3n de Impuestos y Aduanas Nacionales (Dian), en la ciudad. la Universidad Francisco de Paula Santander inaugur\u00f3 el primer N\u00facleo de Apoyo &hellip;<\/p>\n","protected":false},"author":1,"featured_media":30905,"comment_status":"open","ping_status":"open","sticky":false,"template":"","format":"standard","meta":{"footnotes":""},"categories":[74],"tags":[3508,950,3838],"class_list":["post-30904","post","type-post","status-publish","format-standard","has-post-thumbnail","hentry","category-aula-universitaria","tag-claudia-toloza-rectora-ufps","tag-dian","tag-josefa-cristina-tovar"],"_links":{"self":[{"href":"https:\/\/contraluzcucuta.co\/index.php?rest_route=\/wp\/v2\/posts\/30904","targetHints":{"allow":["GET"]}}],"collection":[{"href":"https:\/\/contraluzcucuta.co\/index.php?rest_route=\/wp\/v2\/posts"}],"about":[{"href":"https:\/\/contraluzcucuta.co\/index.php?rest_route=\/wp\/v2\/types\/post"}],"author":[{"embeddable":true,"href":"https:\/\/contraluzcucuta.co\/index.php?rest_route=\/wp\/v2\/users\/1"}],"replies":[{"embeddable":true,"href":"https:\/\/contraluzcucuta.co\/index.php?rest_route=%2Fwp%2Fv2%2Fcomments&post=30904"}],"version-history":[{"count":1,"href":"https:\/\/contraluzcucuta.co\/index.php?rest_route=\/wp\/v2\/posts\/30904\/revisions"}],"predecessor-version":[{"id":30906,"href":"https:\/\/contraluzcucuta.co\/index.php?rest_route=\/wp\/v2\/posts\/30904\/revisions\/30906"}],"wp:featuredmedia":[{"embeddable":true,"href":"https:\/\/contraluzcucuta.co\/index.php?rest_route=\/wp\/v2\/media\/30905"}],"wp:attachment":[{"href":"https:\/\/contraluzcucuta.co\/index.php?rest_route=%2Fwp%2Fv2%2Fmedia&parent=30904"}],"wp:term":[{"taxonomy":"category","embeddable":true,"href":"https:\/\/contraluzcucuta.co\/index.php?rest_route=%2Fwp%2Fv2%2Fcategories&post=30904"},{"taxonomy":"post_tag","embeddable":true,"href":"https:\/\/contraluzcucuta.co\/index.php?rest_route=%2Fwp%2Fv2%2Ftags&post=30904"}],"curies":[{"name":"wp","href":"https:\/\/api.w.org\/{rel}","templated":true}]}}