{"id":30900,"date":"2017-10-12T16:39:35","date_gmt":"2017-10-12T21:39:35","guid":{"rendered":"http:\/\/contraluzcucuta.co\/?p=30900"},"modified":"2017-10-12T16:40:12","modified_gmt":"2017-10-12T21:40:12","slug":"victimas-del-conflicto-estado-colombiano-entrego-indemnizaciones-en-el-catatumbo","status":"publish","type":"post","link":"https:\/\/contraluzcucuta.co\/?p=30900","title":{"rendered":"V\u00cdCTIMAS DEL CONFLICTO. Estado colombiano entreg\u00f3 indemnizaciones en El Catatumbo."},"content":{"rendered":"<p style=\"padding-left: 30px;\"><strong>OCA\u00d1A<\/strong> <strong>\u2013 Norte de Santander.-<\/strong> &nbsp;Ochenta y cinco v\u00edctimas del conflicto, residentes en \u00c1brego, C\u00e1chira, Convenci\u00f3n, Teorama, Villa Caro y Oca\u00f1a, en El Catatumbo, recibieron indemnizaciones por parte del Estado. La Unidad para las V\u00edctimas, Territorial Norte de Santander y Arauca, hizo la entrega en el auditorio del Centro Regional de Atenci\u00f3n a V\u00edctimas (Crav), en Oca\u00f1a.<\/p>\n<p>La compensaci\u00f3n econ\u00f3mica para los habitantes de los seis municipios alcanz\u00f3 los $ 696 millones. La primera entrega (12 de octubre) concluy\u00f3 con 40 confirmaciones. Quedaron otras 45, para el 13 de octubre. La atenci\u00f3n se dividi\u00f3 es dos jornadas para mejor disposici\u00f3n de quienes se desplazaron desde sus poblados.<\/p>\n<p>Los beneficiados participaron en la charla sobre antifraude y se les aclar\u00f3 que la indemnizaci\u00f3n no es un favor que le deban a nadie, porque el tr\u00e1mite, monto y desembolso est\u00e1 ajustado a la Ley 1448.<\/p>\n<p>Se les record\u00f3 que en caso de deuda con el banco, el dinero no puede ser tomado por la entidad crediticia para amortiguar pagos atrasados. El beneficio es el apoyo econ\u00f3mico para que cada uno construya una nueva vida.<\/p>\n<p>El 9 de octubre, en C\u00facuta, se distribuyeron $ 2435 millones, entre 285 v\u00edctimas. El grupo est\u00e1 registrado como poblaci\u00f3n afectada por la violencia en C\u00facuta, Chitag\u00e1&nbsp; y El Zulia.<\/p>\n<p>En la actividad participaron la coordinadora del CRAV, Adriana Romero, el enlace de Reparaci\u00f3n, Laury Rodr\u00edguez, y la profesional de registro Vianny Osorio. <\/p>\n","protected":false},"excerpt":{"rendered":"<p>OCA\u00d1A \u2013 Norte de Santander.- &nbsp;Ochenta y cinco v\u00edctimas del conflicto, residentes en \u00c1brego, C\u00e1chira, Convenci\u00f3n, Teorama, Villa Caro y Oca\u00f1a, en El Catatumbo, recibieron indemnizaciones por parte del Estado. La Unidad para las V\u00edctimas, Territorial Norte de Santander y Arauca, hizo la entrega en el auditorio del Centro Regional de Atenci\u00f3n a V\u00edctimas (Crav), &hellip;<\/p>\n","protected":false},"author":1,"featured_media":30901,"comment_status":"open","ping_status":"open","sticky":false,"template":"","format":"standard","meta":{"footnotes":""},"categories":[5,36],"tags":[157,1678,679],"class_list":["post-30900","post","type-post","status-publish","format-standard","has-post-thumbnail","hentry","category-justicia-transicional","category-la-voz-del-pueblo","tag-justicia-transicional-2","tag-unidad-de-victimas","tag-victimas-del-conflicto-en-norte-de-santander"],"_links":{"self":[{"href":"https:\/\/contraluzcucuta.co\/index.php?rest_route=\/wp\/v2\/posts\/30900","targetHints":{"allow":["GET"]}}],"collection":[{"href":"https:\/\/contraluzcucuta.co\/index.php?rest_route=\/wp\/v2\/posts"}],"about":[{"href":"https:\/\/contraluzcucuta.co\/index.php?rest_route=\/wp\/v2\/types\/post"}],"author":[{"embeddable":true,"href":"https:\/\/contraluzcucuta.co\/index.php?rest_route=\/wp\/v2\/users\/1"}],"replies":[{"embeddable":true,"href":"https:\/\/contraluzcucuta.co\/index.php?rest_route=%2Fwp%2Fv2%2Fcomments&post=30900"}],"version-history":[{"count":2,"href":"https:\/\/contraluzcucuta.co\/index.php?rest_route=\/wp\/v2\/posts\/30900\/revisions"}],"predecessor-version":[{"id":30903,"href":"https:\/\/contraluzcucuta.co\/index.php?rest_route=\/wp\/v2\/posts\/30900\/revisions\/30903"}],"wp:featuredmedia":[{"embeddable":true,"href":"https:\/\/contraluzcucuta.co\/index.php?rest_route=\/wp\/v2\/media\/30901"}],"wp:attachment":[{"href":"https:\/\/contraluzcucuta.co\/index.php?rest_route=%2Fwp%2Fv2%2Fmedia&parent=30900"}],"wp:term":[{"taxonomy":"category","embeddable":true,"href":"https:\/\/contraluzcucuta.co\/index.php?rest_route=%2Fwp%2Fv2%2Fcategories&post=30900"},{"taxonomy":"post_tag","embeddable":true,"href":"https:\/\/contraluzcucuta.co\/index.php?rest_route=%2Fwp%2Fv2%2Ftags&post=30900"}],"curies":[{"name":"wp","href":"https:\/\/api.w.org\/{rel}","templated":true}]}}