{"id":30897,"date":"2017-10-12T16:19:44","date_gmt":"2017-10-12T21:19:44","guid":{"rendered":"http:\/\/contraluzcucuta.co\/?p=30897"},"modified":"2017-10-12T16:19:44","modified_gmt":"2017-10-12T21:19:44","slug":"politica-cucutena-concejo-definio-calendario-para-control-la-administracion-municipal","status":"publish","type":"post","link":"https:\/\/contraluzcucuta.co\/?p=30897","title":{"rendered":"POL\u00cdTICA CUCUTE\u00d1A. Concejo defini\u00f3 calendario para control a la administraci\u00f3n municipal"},"content":{"rendered":"<p><strong>C\u00daCUTA<\/strong>.- Los 19 concejales de la capital nortesantandereana fijaron fechas para adelantar el control pol\u00edtico a secretar\u00edas y entidades descentralizadas de la administraci\u00f3n municipal. El prop\u00f3sito es hacerle seguimiento al Plan de Desarrollo 2106 \u2013 2019.<\/p>\n<p>El cronograma qued\u00f3 de la siguiente manera:<\/p>\n<p>1.- Imsalud. Catherine Calabr\u00f3. 18 de octubre<\/p>\n<p>2.- Secretar\u00eda de Educaci\u00f3n. Doris Angarita. 24 de octubre<\/p>\n<p>3.- Secretar\u00eda de Hacienda. Luis Javier Chaves. 26 de octubre<\/p>\n<p>4.- Secretar\u00eda de Gobierno. Oscar Gerardino. 31 de octubre<\/p>\n<p>5.- Secretar\u00eda de Seguridad Ciudadana. Mauricio Franco. 2 de noviembre<\/p>\n<p>6.- Secretar\u00eda de Desarrollo Social y Econ\u00f3mico. Jos\u00e9 Yuncosa.&nbsp; 7 de noviembre<\/p>\n<p>7.- Centro Tecnol\u00f3gico. Mar\u00eda Jimena Dur\u00e1n. 9 de noviembre<\/p>\n<p>8.- Secretar\u00eda de Infraestructura. Jhonny Pascual. 15 de noviembre<\/p>\n<p>9.- Secretar\u00eda de Tr\u00e1nsito. Jos\u00e9 Luis Duarte. 17 de noviembre<\/p>\n<p>10.- Secretar\u00eda de Bienestar Social. Indira P\u00e9rez. 20 de noviembre<\/p>\n<p>11.- IMRD. Raymon Hern\u00e1ndez. 22 de noviembre<\/p>\n<p>12.- Oficina Jur\u00eddica. Liris Pe\u00f1a. 24 de noviembre. <\/p>\n","protected":false},"excerpt":{"rendered":"<p>C\u00daCUTA.- Los 19 concejales de la capital nortesantandereana fijaron fechas para adelantar el control pol\u00edtico a secretar\u00edas y entidades descentralizadas de la administraci\u00f3n municipal. El prop\u00f3sito es hacerle seguimiento al Plan de Desarrollo 2106 \u2013 2019. El cronograma qued\u00f3 de la siguiente manera: 1.- Imsalud. Catherine Calabr\u00f3. 18 de octubre 2.- Secretar\u00eda de Educaci\u00f3n. Doris &hellip;<\/p>\n","protected":false},"author":1,"featured_media":30898,"comment_status":"open","ping_status":"open","sticky":false,"template":"","format":"standard","meta":{"footnotes":""},"categories":[9],"tags":[3837,197],"class_list":["post-30897","post","type-post","status-publish","format-standard","has-post-thumbnail","hentry","category-politica","tag-administracion-municipal","tag-concejo-de-cucuta"],"_links":{"self":[{"href":"https:\/\/contraluzcucuta.co\/index.php?rest_route=\/wp\/v2\/posts\/30897","targetHints":{"allow":["GET"]}}],"collection":[{"href":"https:\/\/contraluzcucuta.co\/index.php?rest_route=\/wp\/v2\/posts"}],"about":[{"href":"https:\/\/contraluzcucuta.co\/index.php?rest_route=\/wp\/v2\/types\/post"}],"author":[{"embeddable":true,"href":"https:\/\/contraluzcucuta.co\/index.php?rest_route=\/wp\/v2\/users\/1"}],"replies":[{"embeddable":true,"href":"https:\/\/contraluzcucuta.co\/index.php?rest_route=%2Fwp%2Fv2%2Fcomments&post=30897"}],"version-history":[{"count":1,"href":"https:\/\/contraluzcucuta.co\/index.php?rest_route=\/wp\/v2\/posts\/30897\/revisions"}],"predecessor-version":[{"id":30899,"href":"https:\/\/contraluzcucuta.co\/index.php?rest_route=\/wp\/v2\/posts\/30897\/revisions\/30899"}],"wp:featuredmedia":[{"embeddable":true,"href":"https:\/\/contraluzcucuta.co\/index.php?rest_route=\/wp\/v2\/media\/30898"}],"wp:attachment":[{"href":"https:\/\/contraluzcucuta.co\/index.php?rest_route=%2Fwp%2Fv2%2Fmedia&parent=30897"}],"wp:term":[{"taxonomy":"category","embeddable":true,"href":"https:\/\/contraluzcucuta.co\/index.php?rest_route=%2Fwp%2Fv2%2Fcategories&post=30897"},{"taxonomy":"post_tag","embeddable":true,"href":"https:\/\/contraluzcucuta.co\/index.php?rest_route=%2Fwp%2Fv2%2Ftags&post=30897"}],"curies":[{"name":"wp","href":"https:\/\/api.w.org\/{rel}","templated":true}]}}