{"id":30890,"date":"2017-10-12T05:52:03","date_gmt":"2017-10-12T10:52:03","guid":{"rendered":"http:\/\/contraluzcucuta.co\/?p=30890"},"modified":"2017-10-12T05:52:03","modified_gmt":"2017-10-12T10:52:03","slug":"mensaje-hoy-dia-del-periodista-deportivo","status":"publish","type":"post","link":"https:\/\/contraluzcucuta.co\/?p=30890","title":{"rendered":"MENSAJE. Hoy, D\u00eda del Periodista Deportivo"},"content":{"rendered":"<p><strong>C\u00daCUTA.-<\/strong> Hoy, festejamos con alegr\u00eda el D\u00eda Periodista Deportivo. Sabemos que para nosotros no es tan solo un trabajo, es nuestra forma de vida, y lo demostramos las 24 horas del d\u00eda, con el admirable esfuerzo que hacemos por llevar la noticia a cada oyente, lector o televidente, y haciendo que las voces de aficionados, deportistas, entrenadores y directivos sean escuchadas.<\/p>\n<p>Reconocemos todo lo que hacemos en pro de las mejoras del deporte. Nos preocupamos de manera desinteresada y altruista. Donde vemos un problema, all\u00ed llegamos para darlo a conocer, abriendo un espacio para el debate y contribuyendo a la b\u00fasqueda de soluciones.<\/p>\n<p>Elegimos el periodismo deportivo que requiere un paquete de virtudes: honestidad, energ\u00eda, valor e integridad. Nosotros las tenemos todas. Siempre debemos estar conscientes de que nuestra labor incide sobre el destino del deporte en la ciudad, el departamento y en un pa\u00eds entero, por lo que los colombianos esperan mucho de nosotros.<\/p>\n<p>Sigamos luchando por una informaci\u00f3n veraz y justa.<\/p>\n<p>\u00a1Felicidades!<\/p>\n<p>Arnulfo S\u00e1nchez Due\u00f1as<\/p>\n<p>Presidente Acord &#8211; Norte de Santander <\/p>\n","protected":false},"excerpt":{"rendered":"<p>C\u00daCUTA.- Hoy, festejamos con alegr\u00eda el D\u00eda Periodista Deportivo. Sabemos que para nosotros no es tan solo un trabajo, es nuestra forma de vida, y lo demostramos las 24 horas del d\u00eda, con el admirable esfuerzo que hacemos por llevar la noticia a cada oyente, lector o televidente, y haciendo que las voces de aficionados, &hellip;<\/p>\n","protected":false},"author":1,"featured_media":30891,"comment_status":"open","ping_status":"open","sticky":false,"template":"","format":"standard","meta":{"footnotes":""},"categories":[28],"tags":[910,1244,1245,3836],"class_list":["post-30890","post","type-post","status-publish","format-standard","has-post-thumbnail","hentry","category-vistazo-deportivo","tag-acord-colombia","tag-acord-norte-de-santander","tag-arnulfo-sanchez","tag-directivos-acord-norte"],"_links":{"self":[{"href":"https:\/\/contraluzcucuta.co\/index.php?rest_route=\/wp\/v2\/posts\/30890","targetHints":{"allow":["GET"]}}],"collection":[{"href":"https:\/\/contraluzcucuta.co\/index.php?rest_route=\/wp\/v2\/posts"}],"about":[{"href":"https:\/\/contraluzcucuta.co\/index.php?rest_route=\/wp\/v2\/types\/post"}],"author":[{"embeddable":true,"href":"https:\/\/contraluzcucuta.co\/index.php?rest_route=\/wp\/v2\/users\/1"}],"replies":[{"embeddable":true,"href":"https:\/\/contraluzcucuta.co\/index.php?rest_route=%2Fwp%2Fv2%2Fcomments&post=30890"}],"version-history":[{"count":1,"href":"https:\/\/contraluzcucuta.co\/index.php?rest_route=\/wp\/v2\/posts\/30890\/revisions"}],"predecessor-version":[{"id":30892,"href":"https:\/\/contraluzcucuta.co\/index.php?rest_route=\/wp\/v2\/posts\/30890\/revisions\/30892"}],"wp:featuredmedia":[{"embeddable":true,"href":"https:\/\/contraluzcucuta.co\/index.php?rest_route=\/wp\/v2\/media\/30891"}],"wp:attachment":[{"href":"https:\/\/contraluzcucuta.co\/index.php?rest_route=%2Fwp%2Fv2%2Fmedia&parent=30890"}],"wp:term":[{"taxonomy":"category","embeddable":true,"href":"https:\/\/contraluzcucuta.co\/index.php?rest_route=%2Fwp%2Fv2%2Fcategories&post=30890"},{"taxonomy":"post_tag","embeddable":true,"href":"https:\/\/contraluzcucuta.co\/index.php?rest_route=%2Fwp%2Fv2%2Ftags&post=30890"}],"curies":[{"name":"wp","href":"https:\/\/api.w.org\/{rel}","templated":true}]}}