{"id":30874,"date":"2017-10-11T18:11:14","date_gmt":"2017-10-11T23:11:14","guid":{"rendered":"http:\/\/contraluzcucuta.co\/?p=30874"},"modified":"2017-10-11T18:11:14","modified_gmt":"2017-10-11T23:11:14","slug":"educacion-regional-amplian-convocatoria-para-mejoramiento-de-estructura-escolar","status":"publish","type":"post","link":"https:\/\/contraluzcucuta.co\/?p=30874","title":{"rendered":"EDUCACI\u00d3N REGIONAL. Ampl\u00edan convocatoria para mejoramiento de estructura escolar"},"content":{"rendered":"<p style=\"padding-left: 30px;\"><strong>C\u00daCUTA.-<\/strong> El Misterio de Educaci\u00f3n ampli\u00f3 el plazo, hasta el 20 de octubre, para la postulaci\u00f3n de sedes educativas rurales en El Catatumbo. El fin es obtener cofinanciaci\u00f3n de recursos para el mantenimiento y el mejoramiento de la infraestructura escolar.<\/p>\n<p>La convocatoria est\u00e1 abierta para los alcaldes de Convenci\u00f3n, El Carmen, El Tarra, Hacar\u00ed, San Calixto, Sardinata, Teorama y Tib\u00fa. Los gobernantes locales deben enviar los documentos y radicarlos en la Secretar\u00eda de Educaci\u00f3n Departamental.<\/p>\n<p>La iniciativa es ofertada por el Ministerio en desarrollo del plan de implementaci\u00f3n de acuerdos para la terminaci\u00f3n del conflicto y la construcci\u00f3n de una paz estable y duradera, la cual busca ser garante de la educaci\u00f3n en Colombia.<\/p>\n<p>La convocatoria se hizo por medio de la Resoluci\u00f3n 19630 del 27 de septiembre, a los ocho municipios priorizados para la implementaci\u00f3n de los Programas de Desarrollo con Enfoque Territorial (Pdet). &nbsp;Para ser financiados o cofinanciados, los proyectos &nbsp;deber\u00e1n cumplir con los requisitos b\u00e1sicos de la instituci\u00f3n y otros de car\u00e1cter t\u00e9cnico:<\/p>\n<p>1.- Copia de las escrituras p\u00fablicas, certificado de libertad y tradici\u00f3n del predio con tiempo de expedici\u00f3n no mayor a un mes antes de la fecha de radicaci\u00f3n de la postulaci\u00f3n.<\/p>\n<p>2.- Los resguardos y asociaciones de cabildos y autoridades ind\u00edgenas tradicionales pueden acreditar la propiedad mediante la presentaci\u00f3n del acto colectivo suscrito por la autoridad tradicional o cabildo gobernador. Debe se\u00f1alar que el predio est\u00e1 en su jurisdicci\u00f3n y que est\u00e1 de acuerdo con el uso del suelo para el objeto del proyecto.<\/p>\n<p>3.- Para las comunidades negras se requiere el documento de titularizaci\u00f3n expedido por Incoder-Agencia Nacional de Tierras, &nbsp;acompa\u00f1ado por el aval del consejo comunitario de los territorios colectivos de comunidades negras.<\/p>\n<p>4.- Si el predio tiene destinaci\u00f3n de uso p\u00fablico o est\u00e1 afecto a la prestaci\u00f3n de un servicio p\u00fablico y se encuentra en posesi\u00f3n quieta, pac\u00edfica e ininterrumpida por m\u00e1s de cinco a\u00f1os podr\u00e1 adjuntarse la declaraci\u00f3n de posesi\u00f3n de conformidad con el art\u00edculo 48 de la Ley 1551 de 2012.<\/p>\n<p>5.- Certificaci\u00f3n suscrita por el representante del municipio en la que manifieste que el proyecto no est\u00e1 en proceso de licitaci\u00f3n, contratado o en ejecuci\u00f3n, ni que ha sido priorizado para ser financiado con ninguna fuente de recursos diferentes, sean derivados de la Ley 21 de 1982 o de otras entidades estatales, privadas o de cooperaci\u00f3n.<\/p>\n<p>6.- Certificaci\u00f3n de la entidad competente sobre uso del suelo, norma urbana aplicable y afectaciones, seg\u00fan POT o EOT.<\/p>\n<p>7.- Certificaci\u00f3n del alcalde en la que conste que el predio no est\u00e1 invadido o en posesi\u00f3n de terceros.<\/p>\n<p>8.- Certificaci\u00f3n del municipio que d\u00e9 cuenta de la localizaci\u00f3n de la sede en un \u00e1rea de influencia a una vereda, la cual deber\u00e1 estar identificada.<\/p>\n<p>9.- Certificaci\u00f3n de que la sede postulada se encuentra en zona rural o acto administrativo de reconocimiento oficial, en el que se especifique que el establecimiento est\u00e1 en zona rural.<\/p>\n<p>10.- Certificaci\u00f3n de que la sede postulada cuenta con internado, dentro de la infraestructura.<\/p>\n<p>11.- Certificaci\u00f3n de que la sede hace parte de una instituci\u00f3n educativa Escuela Normal Superior para la formaci\u00f3n de maestros, dentro de su infraestructura.<\/p>\n<p>Adicionalmente, si la sede cuenta con un proyecto de mejoramiento con diagn\u00f3stico, cantidades y presupuesto podr\u00e1n anexarse en medio f\u00edsico y magn\u00e9tico, el cual deber\u00e1 ser avalado t\u00e9cnicamente por el operador responsable de la ejecuci\u00f3n. <\/p>\n","protected":false},"excerpt":{"rendered":"<p>C\u00daCUTA.- El Misterio de Educaci\u00f3n ampli\u00f3 el plazo, hasta el 20 de octubre, para la postulaci\u00f3n de sedes educativas rurales en El Catatumbo. El fin es obtener cofinanciaci\u00f3n de recursos para el mantenimiento y el mejoramiento de la infraestructura escolar. La convocatoria est\u00e1 abierta para los alcaldes de Convenci\u00f3n, El Carmen, El Tarra, Hacar\u00ed, San &hellip;<\/p>\n","protected":false},"author":1,"featured_media":30875,"comment_status":"open","ping_status":"open","sticky":false,"template":"","format":"standard","meta":{"footnotes":""},"categories":[4,32],"tags":[3831,379,3830],"class_list":["post-30874","post","type-post","status-publish","format-standard","has-post-thumbnail","hentry","category-barra","category-recorrido-por-la-region","tag-educacion-regional","tag-gobernacion-de-norte-de-santander","tag-ministerio-de-educacion"],"_links":{"self":[{"href":"https:\/\/contraluzcucuta.co\/index.php?rest_route=\/wp\/v2\/posts\/30874","targetHints":{"allow":["GET"]}}],"collection":[{"href":"https:\/\/contraluzcucuta.co\/index.php?rest_route=\/wp\/v2\/posts"}],"about":[{"href":"https:\/\/contraluzcucuta.co\/index.php?rest_route=\/wp\/v2\/types\/post"}],"author":[{"embeddable":true,"href":"https:\/\/contraluzcucuta.co\/index.php?rest_route=\/wp\/v2\/users\/1"}],"replies":[{"embeddable":true,"href":"https:\/\/contraluzcucuta.co\/index.php?rest_route=%2Fwp%2Fv2%2Fcomments&post=30874"}],"version-history":[{"count":1,"href":"https:\/\/contraluzcucuta.co\/index.php?rest_route=\/wp\/v2\/posts\/30874\/revisions"}],"predecessor-version":[{"id":30876,"href":"https:\/\/contraluzcucuta.co\/index.php?rest_route=\/wp\/v2\/posts\/30874\/revisions\/30876"}],"wp:featuredmedia":[{"embeddable":true,"href":"https:\/\/contraluzcucuta.co\/index.php?rest_route=\/wp\/v2\/media\/30875"}],"wp:attachment":[{"href":"https:\/\/contraluzcucuta.co\/index.php?rest_route=%2Fwp%2Fv2%2Fmedia&parent=30874"}],"wp:term":[{"taxonomy":"category","embeddable":true,"href":"https:\/\/contraluzcucuta.co\/index.php?rest_route=%2Fwp%2Fv2%2Fcategories&post=30874"},{"taxonomy":"post_tag","embeddable":true,"href":"https:\/\/contraluzcucuta.co\/index.php?rest_route=%2Fwp%2Fv2%2Ftags&post=30874"}],"curies":[{"name":"wp","href":"https:\/\/api.w.org\/{rel}","templated":true}]}}