{"id":30868,"date":"2017-10-08T20:39:22","date_gmt":"2017-10-09T01:39:22","guid":{"rendered":"http:\/\/contraluzcucuta.co\/?p=30868"},"modified":"2017-10-08T20:39:22","modified_gmt":"2017-10-09T01:39:22","slug":"ascenso-policial-233-ejecutivos-recibieron-nuevas-jinetas","status":"publish","type":"post","link":"https:\/\/contraluzcucuta.co\/?p=30868","title":{"rendered":"ASCENSO POLICIAL. 233 \u00a0ejecutivos recibieron nuevas jinetas"},"content":{"rendered":"<p><strong>C\u00daCUTA.-<\/strong> 233 uniformados pertenecientes al nivel ejecutivo de la Polic\u00eda, ascendieron en su carrera, luego de superar los programas acad\u00e9micos y procesos institucionales. La ceremonia especial se cumpli\u00f3 en la plaza de armas del Comando de la Mecuc.<\/p>\n<p>Los uniformados laboran en la Regi\u00f3n de Polic\u00eda 5, la Polic\u00eda Metropolitana de C\u00facuta y el Departamento de Polic\u00eda Norte de Santander. La direcci\u00f3n general les otorg\u00f3 el &nbsp;nuevo escalaf\u00f3n institucional &nbsp;en reconocimiento y exaltaci\u00f3n a la labor prestada al servicio de la comunidad.<\/p>\n<p>En la ceremonia, m\u00e1s de un centenar de agentes recibieron las jinetas que representan el nuevo grado y las nuevas responsabilidades para brindar a la comunidad las condiciones de seguridad y convivencia ciudadanas.<\/p>\n<p>1.- Treintaiocho patrulleros ascendieron a subintendentes<\/p>\n<p>2.- 133 subintendentes se convirtieron en intendentes<\/p>\n<p>3.- 48 intendentes ascendieron a intendentes jefes<\/p>\n<p>4.- 14 intendentes jefes alcanzaron el grado de subcomisarios.&nbsp;<\/p>\n<p>El acto protocolario fue presidido por el mayor general Gustavo Moreno Maldonado, Comandante de la Regi\u00f3n de Polic\u00eda 5, con acompa\u00f1amiento de los coroneles Javier Barrera, comandante de la Polic\u00eda Metropolitana de C\u00facuta, y George Quintero, del Departamento de Polic\u00eda Norte de Santander.<\/p>\n<p>Participaron familiares del personal ascendido, invitados, representantes de las autoridades pol\u00edtico\u2013administrativas y periodistas de esta zona del pa\u00eds.<\/p>\n<p>Dos miembros del nivel ejecutivo fueron ascendidos de manera p\u00f3stuma por ofrendar la vida en actos relacionados con la defensa, conservaci\u00f3n y restablecimiento del orden p\u00fablico en Norte de Santander. <\/p>\n","protected":false},"excerpt":{"rendered":"<p>C\u00daCUTA.- 233 uniformados pertenecientes al nivel ejecutivo de la Polic\u00eda, ascendieron en su carrera, luego de superar los programas acad\u00e9micos y procesos institucionales. La ceremonia especial se cumpli\u00f3 en la plaza de armas del Comando de la Mecuc. Los uniformados laboran en la Regi\u00f3n de Polic\u00eda 5, la Polic\u00eda Metropolitana de C\u00facuta y el Departamento &hellip;<\/p>\n","protected":false},"author":1,"featured_media":30869,"comment_status":"open","ping_status":"open","sticky":false,"template":"","format":"standard","meta":{"footnotes":""},"categories":[11],"tags":[3829,1551,323,163,2950],"class_list":["post-30868","post","type-post","status-publish","format-standard","has-post-thumbnail","hentry","category-cronica-roja","tag-ascenso-policial","tag-departamento-de-policia-norte-de-santander","tag-mecuc","tag-policia-metropolitana","tag-region-5-de-la-policia"],"_links":{"self":[{"href":"https:\/\/contraluzcucuta.co\/index.php?rest_route=\/wp\/v2\/posts\/30868","targetHints":{"allow":["GET"]}}],"collection":[{"href":"https:\/\/contraluzcucuta.co\/index.php?rest_route=\/wp\/v2\/posts"}],"about":[{"href":"https:\/\/contraluzcucuta.co\/index.php?rest_route=\/wp\/v2\/types\/post"}],"author":[{"embeddable":true,"href":"https:\/\/contraluzcucuta.co\/index.php?rest_route=\/wp\/v2\/users\/1"}],"replies":[{"embeddable":true,"href":"https:\/\/contraluzcucuta.co\/index.php?rest_route=%2Fwp%2Fv2%2Fcomments&post=30868"}],"version-history":[{"count":1,"href":"https:\/\/contraluzcucuta.co\/index.php?rest_route=\/wp\/v2\/posts\/30868\/revisions"}],"predecessor-version":[{"id":30870,"href":"https:\/\/contraluzcucuta.co\/index.php?rest_route=\/wp\/v2\/posts\/30868\/revisions\/30870"}],"wp:featuredmedia":[{"embeddable":true,"href":"https:\/\/contraluzcucuta.co\/index.php?rest_route=\/wp\/v2\/media\/30869"}],"wp:attachment":[{"href":"https:\/\/contraluzcucuta.co\/index.php?rest_route=%2Fwp%2Fv2%2Fmedia&parent=30868"}],"wp:term":[{"taxonomy":"category","embeddable":true,"href":"https:\/\/contraluzcucuta.co\/index.php?rest_route=%2Fwp%2Fv2%2Fcategories&post=30868"},{"taxonomy":"post_tag","embeddable":true,"href":"https:\/\/contraluzcucuta.co\/index.php?rest_route=%2Fwp%2Fv2%2Ftags&post=30868"}],"curies":[{"name":"wp","href":"https:\/\/api.w.org\/{rel}","templated":true}]}}