{"id":30860,"date":"2017-10-08T19:38:25","date_gmt":"2017-10-09T00:38:25","guid":{"rendered":"http:\/\/contraluzcucuta.co\/?p=30860"},"modified":"2017-10-08T19:40:36","modified_gmt":"2017-10-09T00:40:36","slug":"proyecto-piloto-guardianes-de-paz-y-del-ambiente-en-tibu-teorama-y-el-tarra","status":"publish","type":"post","link":"https:\/\/contraluzcucuta.co\/?p=30860","title":{"rendered":"PROYECTO PILOTO. \u2018Guardianes de Paz y del Ambiente\u2019, en Tib\u00fa, Teorama y El Tarra"},"content":{"rendered":"<p><strong>C\u00daCUTA.-<\/strong> Tib\u00fa, Teorama y El Tarra fueron escogidos entre los 40 municipios de Norte de Santander para desarrollar el proyecto piloto \u2018Los Guardianes de Paz y del Ambiente\u2019. El prop\u00f3sito es buscar en cada localidad 200 hect\u00e1reas para impulsar la iniciativa. La inversi\u00f3n prevista es de $ 15 millones a $ 17 millones por hect\u00e1rea, para un total de $ 3500 millones.<\/p>\n<p>La Secretar\u00eda de Vivienda y Medio Ambiente resalt\u00f3 la funcionalidad del proyecto para la poblaci\u00f3n, despu\u00e9s del primer trimestre de 2018, cuando este ser\u00eda ejecutable. El plan cuenta con apoyo del Ministerio de Ambiente y Desarrollo Sostenible.<\/p>\n<p>El objetivo es que las comunidades se apropien de los territorios, generen productivos y reciban capacitaci\u00f3n que les permita conocer c\u00f3mo preservar la tierra. Mediante la aplicaci\u00f3n de esquemas evitar\u00e1n la tala de bosques, la deforestaci\u00f3n o el uso indebido del suelo.<\/p>\n<p>La asesora del programa de \u2018Los Guardianes de Paz y del Ambiente\u2019, del Ministerio de Ambiente y Desarrollo Sostenible, Mar\u00eda Helena V\u00e9lez, explic\u00f3 que los campesinos podr\u00e1n acceder al conocimiento sobre productos que les generen mayor rentabilidad, sobre el asocio eficaz y sobre liderazgo, con el prop\u00f3sito de mejorar la organizaci\u00f3n para tener mayor representatividad en el mercado.<\/p>\n<p>El programa incluye el desarrollo de un monumento vivo de paz, en la medida que empiece a resarcirse la memoria de las v\u00edctimas. \u201cLa idea es que expresen lo que sienten con la terminaci\u00f3n del conflicto armado, por medio de una gran plantaci\u00f3n de \u00e1rboles\u201d, agreg\u00f3 la funcionaria.<\/p>\n<p>La meta es que el proyecto se radique en el Ministerio del Medio Ambiente y Desarrollo Sostenible en mes y medio. La cartera apoya la estructuraci\u00f3n y la consecuci\u00f3n de recursos para la ejecuci\u00f3n con empresas privadas y agencias de cooperaci\u00f3n internacional. <\/p>\n","protected":false},"excerpt":{"rendered":"<p>C\u00daCUTA.- Tib\u00fa, Teorama y El Tarra fueron escogidos entre los 40 municipios de Norte de Santander para desarrollar el proyecto piloto \u2018Los Guardianes de Paz y del Ambiente\u2019. El prop\u00f3sito es buscar en cada localidad 200 hect\u00e1reas para impulsar la iniciativa. La inversi\u00f3n prevista es de $ 15 millones a $ 17 millones por hect\u00e1rea, &hellip;<\/p>\n","protected":false},"author":1,"featured_media":30861,"comment_status":"open","ping_status":"open","sticky":false,"template":"","format":"standard","meta":{"footnotes":""},"categories":[4,32],"tags":[3828,717],"class_list":["post-30860","post","type-post","status-publish","format-standard","has-post-thumbnail","hentry","category-barra","category-recorrido-por-la-region","tag-guardianes-de-paz-y-del-ambiente","tag-teorama"],"_links":{"self":[{"href":"https:\/\/contraluzcucuta.co\/index.php?rest_route=\/wp\/v2\/posts\/30860","targetHints":{"allow":["GET"]}}],"collection":[{"href":"https:\/\/contraluzcucuta.co\/index.php?rest_route=\/wp\/v2\/posts"}],"about":[{"href":"https:\/\/contraluzcucuta.co\/index.php?rest_route=\/wp\/v2\/types\/post"}],"author":[{"embeddable":true,"href":"https:\/\/contraluzcucuta.co\/index.php?rest_route=\/wp\/v2\/users\/1"}],"replies":[{"embeddable":true,"href":"https:\/\/contraluzcucuta.co\/index.php?rest_route=%2Fwp%2Fv2%2Fcomments&post=30860"}],"version-history":[{"count":1,"href":"https:\/\/contraluzcucuta.co\/index.php?rest_route=\/wp\/v2\/posts\/30860\/revisions"}],"predecessor-version":[{"id":30862,"href":"https:\/\/contraluzcucuta.co\/index.php?rest_route=\/wp\/v2\/posts\/30860\/revisions\/30862"}],"wp:featuredmedia":[{"embeddable":true,"href":"https:\/\/contraluzcucuta.co\/index.php?rest_route=\/wp\/v2\/media\/30861"}],"wp:attachment":[{"href":"https:\/\/contraluzcucuta.co\/index.php?rest_route=%2Fwp%2Fv2%2Fmedia&parent=30860"}],"wp:term":[{"taxonomy":"category","embeddable":true,"href":"https:\/\/contraluzcucuta.co\/index.php?rest_route=%2Fwp%2Fv2%2Fcategories&post=30860"},{"taxonomy":"post_tag","embeddable":true,"href":"https:\/\/contraluzcucuta.co\/index.php?rest_route=%2Fwp%2Fv2%2Ftags&post=30860"}],"curies":[{"name":"wp","href":"https:\/\/api.w.org\/{rel}","templated":true}]}}