{"id":30851,"date":"2017-10-08T17:17:44","date_gmt":"2017-10-08T22:17:44","guid":{"rendered":"http:\/\/contraluzcucuta.co\/?p=30851"},"modified":"2017-10-08T17:31:58","modified_gmt":"2017-10-08T22:31:58","slug":"notas-al-margen-hasta-cuando-seguiran-la-apatia-y-la-indiferencia-sobre-la-frontera","status":"publish","type":"post","link":"https:\/\/contraluzcucuta.co\/?p=30851","title":{"rendered":"NOTAS AL MARGEN. \u00bfHasta cu\u00e1ndo seguir\u00e1n la apat\u00eda y la indiferencia sobre la frontera?"},"content":{"rendered":"<p>&nbsp;<\/p>\n<p>1.- Porque lo que acontece en C\u00facuta y la <a href=\"https:\/\/www.arcoiris.com.co\/2015\/09\/pronunciamiento-de-academicos-intelectuales-y-activistas-ante-tensiones-en-la-frontera-colombo-venezolana\/\">zona fronteriza<\/a> es una situaci\u00f3n grave, delicada y compleja, que se advierte de inmediato en el desempleo, la apat\u00eda y hasta llegar a la indiferencia y la pasividad colectiva, porque si nada se asume y muy poco se entiende, es reconocer que si aqu\u00ed no hay un cambio y una gesti\u00f3n en procura de&nbsp; soluciones, mediante una labor concertada y ejecutada en equipo, los hechos pueden provocar un colapso todav\u00eda m\u00e1s serio del que todos, ahora, captamos. Y que no produce ninguna reacci\u00f3n.<\/p>\n<p>Algunos hemos insistido en la necesidad y urgencia de una gesti\u00f3n central&nbsp; gubernamental&nbsp; y con apoyo del Congreso de la Rep\u00fablica, para crear la Comisi\u00f3n Fronteriza Especial y&nbsp; Extraordinaria al m\u00e1s alto nivel, para analizar y definir incentivos, est\u00edmulos y mecanismos que le permitan a estas \u00e1reas abandonadas y marginadas la asistencia y respaldo de la Naci\u00f3n. Adem\u00e1s, que se d\u00e9 car\u00e1cter prioritario crear&nbsp; el Ministerio de Fronteras&nbsp; y&nbsp; la&nbsp; Contralor\u00eda de Fronteras, porque las fronteras ocupan el 53 por ciento de la faja territorial nacional y lo que se requiere, exige una intervenci\u00f3n estatal directa y comprometida, para promover el desarrollo de gestiones que conduzcan al aprovechamiento y la canalizaci\u00f3n de las opciones que poseen estos territorios perimetrales.<\/p>\n<p>2.- Para llevar a cabo este empe\u00f1o es indispensable \u2013 para un comenzar distinto y que sea afortunado \u2013formular un llamado p\u00fablico a una gran convocatoria ciudadana con el fin de crear un n\u00facleo o comit\u00e9&nbsp;&nbsp; de defensa y proyecci\u00f3n fronteriza, que se encargue de los contactos e interrelaciones p\u00fablicas y privadas, hacia una unidad regional y fronteriza, porque deben tener cabida y de primer orden los correspondientes acercamientos y entendimientos, con las autoridades y las organizaciones p\u00fablicas y privadas del estado T\u00e1chira y del Estado venezolano.<\/p>\n<p>C\u00facuta y la zona fronteriza tienen amenazado su futuro, si se deteriora el concepto de integraci\u00f3n y no se aprovechan la ubicaci\u00f3n geoestrat\u00e9gica y las ventajas en ciertos campus y actividades. Adem\u00e1s, hay prioridades que deben atenderse, como las referentes a agua, gas, v\u00edas \u2013 incluyendo la f\u00e9rrea y a\u00e9rea &#8211; investigaci\u00f3n, capacitaci\u00f3n, innovaci\u00f3n, financiaci\u00f3n e internacionalizaci\u00f3n.<\/p>\n<p>3.- Si los sectores directivos de C\u00facuta demoran en actuar para buscar mejores y m\u00e1s adecuadas&nbsp; opciones y&nbsp; alternativas, el colapso puede conllevar a que muchas empresas prefieran otras \u00e1reas y sectores, agravando la magnitud y las caracter\u00edsticas del problema, porque la situaci\u00f3n colectiva puede llegar a extremos socioecon\u00f3micos y pol\u00edticos, que deben evitarse. Por esto y por lo positiva que puede representar el llamamiento al que hicimos referencia antes, debiera partir y originarse desde las universidades para vincular a profesores y nuevas generaciones en todos los campos y posibilidades.&nbsp;&nbsp;<\/p>\n<p><strong>JOSE NEIRA REY<\/strong><\/p>\n<p><strong><a href=\"mailto:jneirarey@hotmail.com\">jneirarey@hotmail.com<\/a><\/strong><\/p>\n<p><strong>JOSE NEIRA REY<\/strong><\/p>\n<p><strong><a href=\"mailto:jneirarey@hotmail.com\">jneirarey@hotmail.com<\/a><\/strong> <\/p>\n","protected":false},"excerpt":{"rendered":"<p>&nbsp; 1.- Porque lo que acontece en C\u00facuta y la zona fronteriza es una situaci\u00f3n grave, delicada y compleja, que se advierte de inmediato en el desempleo, la apat\u00eda y hasta llegar a la indiferencia y la pasividad colectiva, porque si nada se asume y muy poco se entiende, es reconocer que si aqu\u00ed no &hellip;<\/p>\n","protected":false},"author":1,"featured_media":30853,"comment_status":"open","ping_status":"open","sticky":false,"template":"","format":"standard","meta":{"footnotes":""},"categories":[14,4],"tags":[2483,382,956],"class_list":["post-30851","post","type-post","status-publish","format-standard","has-post-thumbnail","hentry","category-articulistas","category-barra","tag-crisis-en-la-frontera","tag-jose-neira","tag-notas-al-margen"],"_links":{"self":[{"href":"https:\/\/contraluzcucuta.co\/index.php?rest_route=\/wp\/v2\/posts\/30851","targetHints":{"allow":["GET"]}}],"collection":[{"href":"https:\/\/contraluzcucuta.co\/index.php?rest_route=\/wp\/v2\/posts"}],"about":[{"href":"https:\/\/contraluzcucuta.co\/index.php?rest_route=\/wp\/v2\/types\/post"}],"author":[{"embeddable":true,"href":"https:\/\/contraluzcucuta.co\/index.php?rest_route=\/wp\/v2\/users\/1"}],"replies":[{"embeddable":true,"href":"https:\/\/contraluzcucuta.co\/index.php?rest_route=%2Fwp%2Fv2%2Fcomments&post=30851"}],"version-history":[{"count":2,"href":"https:\/\/contraluzcucuta.co\/index.php?rest_route=\/wp\/v2\/posts\/30851\/revisions"}],"predecessor-version":[{"id":30856,"href":"https:\/\/contraluzcucuta.co\/index.php?rest_route=\/wp\/v2\/posts\/30851\/revisions\/30856"}],"wp:featuredmedia":[{"embeddable":true,"href":"https:\/\/contraluzcucuta.co\/index.php?rest_route=\/wp\/v2\/media\/30853"}],"wp:attachment":[{"href":"https:\/\/contraluzcucuta.co\/index.php?rest_route=%2Fwp%2Fv2%2Fmedia&parent=30851"}],"wp:term":[{"taxonomy":"category","embeddable":true,"href":"https:\/\/contraluzcucuta.co\/index.php?rest_route=%2Fwp%2Fv2%2Fcategories&post=30851"},{"taxonomy":"post_tag","embeddable":true,"href":"https:\/\/contraluzcucuta.co\/index.php?rest_route=%2Fwp%2Fv2%2Ftags&post=30851"}],"curies":[{"name":"wp","href":"https:\/\/api.w.org\/{rel}","templated":true}]}}