{"id":30848,"date":"2017-10-08T07:47:10","date_gmt":"2017-10-08T12:47:10","guid":{"rendered":"http:\/\/contraluzcucuta.co\/?p=30848"},"modified":"2017-10-08T07:47:10","modified_gmt":"2017-10-08T12:47:10","slug":"politica-regional-asamblea-y-concejo-tendran-presidentes-de-cambio-radical","status":"publish","type":"post","link":"https:\/\/contraluzcucuta.co\/?p=30848","title":{"rendered":"POL\u00cdTICA REGIONAL. Asamblea y Concejo tendr\u00e1n presidentes de Cambio Radical"},"content":{"rendered":"<p><strong>C\u00daCUTA.-<\/strong> Pedro Leyva, en la Asamblea, y Nelson Parada, en el Concejo de C\u00facuta, ser\u00e1n los nuevos presidentes a partir del primero de enero de 2018. La elecci\u00f3n de las mesas directivas se cumpli\u00f3 en medio de un clima pol\u00edtico normal.<\/p>\n<p>En la corporaci\u00f3n municipal hubo reclamo por parte de la bancada conservadora, a la que le correspond\u00eda la presidencia. Sin embargo, respald\u00f3 a Parada en el momento de la elecci\u00f3n.<\/p>\n<p>A Leyva Rizzo, del partido Cambio Radical, lo acompa\u00f1ar\u00e1n Hernando Ross, de la Unidad Nacional, en la primera vicepresidencia, y C\u00e9sar Lindarte, del partido Conservador Colombiano, en la segunda vicepresidencia.<\/p>\n<p>\u201cEstoy convencido de que la direcci\u00f3n de la Asamblea es un gran reto\u201d, dijo el presidente electo. Afirm\u00f3 que trabajar\u00e1 de la mano del gobernador William Villamizar con el fin de hacer cumplir el Plan de Desarrollo. \u201cEl 2018, ser\u00e1 un a\u00f1o para luchar por el desarrollo de la salud, la educci\u00f3n, la infraestructura, la frontera, entre otras iniciativas\u201d.<\/p>\n<p>El segundo vicepresidente C\u00e9sar Lindarte expres\u00f3 que &nbsp;Leyva \u201ces un gran ser humano, representante de la provincia de Oca\u00f1a, joven y din\u00e1mico\u201d. Anunci\u00f3 que en la mesa contar\u00e1 con el apoyo de dos diputados que tienen experiencia como presidentes.<\/p>\n<p>Los dignatarios dar\u00e1n garant\u00edas a los compa\u00f1eros y a la corporaci\u00f3n con el fin de mejorar y dignificar la pol\u00edtica y las instituciones en Norte de Santander.<\/p>\n<p>En el Concejo de C\u00facuta estar\u00e1 al frente Nelson Parada, de Cambio Radical. Juan Felipe Corzo, del Partido Conservador, ser\u00e1 el primer vicepresidente, y Oswaldo Rinc\u00f3n, del Partido Verde, segundo vicepresidente.<\/p>\n<p>Parada Santamar\u00eda, abogado y tecn\u00f3logo en arquitectura, obtuvo el respaldo de 17 de los 19 miembros de la corporaci\u00f3n. \u201cVamos a hacer las cosas de la mano con la administraci\u00f3n municipal, en cabeza del alcalde C\u00e9sar Rojas, para beneficio de nuestra C\u00facuta\u201d.<\/p>\n<p>El ingeniero industrial Juan Felipe Corzo se comprometi\u00f3 a trabajar de la mano con la mesa directiva para que C\u00facuta salga adelante y supere la situaci\u00f3n que afronta.<\/p>\n<p>El presidente Nelson Ovalles expres\u00f3 alegr\u00eda por la conformaci\u00f3n de la mesa directiva y dijo que conoce de las capacidades que tienen los tres para trabajar con la administraci\u00f3n municipal. <\/p>\n","protected":false},"excerpt":{"rendered":"<p>C\u00daCUTA.- Pedro Leyva, en la Asamblea, y Nelson Parada, en el Concejo de C\u00facuta, ser\u00e1n los nuevos presidentes a partir del primero de enero de 2018. La elecci\u00f3n de las mesas directivas se cumpli\u00f3 en medio de un clima pol\u00edtico normal. En la corporaci\u00f3n municipal hubo reclamo por parte de la bancada conservadora, a la &hellip;<\/p>\n","protected":false},"author":1,"featured_media":30849,"comment_status":"open","ping_status":"open","sticky":false,"template":"","format":"standard","meta":{"footnotes":""},"categories":[4,9],"tags":[688,197],"class_list":["post-30848","post","type-post","status-publish","format-standard","has-post-thumbnail","hentry","category-barra","category-politica","tag-asamblea-de-norte-de-santander","tag-concejo-de-cucuta"],"_links":{"self":[{"href":"https:\/\/contraluzcucuta.co\/index.php?rest_route=\/wp\/v2\/posts\/30848","targetHints":{"allow":["GET"]}}],"collection":[{"href":"https:\/\/contraluzcucuta.co\/index.php?rest_route=\/wp\/v2\/posts"}],"about":[{"href":"https:\/\/contraluzcucuta.co\/index.php?rest_route=\/wp\/v2\/types\/post"}],"author":[{"embeddable":true,"href":"https:\/\/contraluzcucuta.co\/index.php?rest_route=\/wp\/v2\/users\/1"}],"replies":[{"embeddable":true,"href":"https:\/\/contraluzcucuta.co\/index.php?rest_route=%2Fwp%2Fv2%2Fcomments&post=30848"}],"version-history":[{"count":1,"href":"https:\/\/contraluzcucuta.co\/index.php?rest_route=\/wp\/v2\/posts\/30848\/revisions"}],"predecessor-version":[{"id":30850,"href":"https:\/\/contraluzcucuta.co\/index.php?rest_route=\/wp\/v2\/posts\/30848\/revisions\/30850"}],"wp:featuredmedia":[{"embeddable":true,"href":"https:\/\/contraluzcucuta.co\/index.php?rest_route=\/wp\/v2\/media\/30849"}],"wp:attachment":[{"href":"https:\/\/contraluzcucuta.co\/index.php?rest_route=%2Fwp%2Fv2%2Fmedia&parent=30848"}],"wp:term":[{"taxonomy":"category","embeddable":true,"href":"https:\/\/contraluzcucuta.co\/index.php?rest_route=%2Fwp%2Fv2%2Fcategories&post=30848"},{"taxonomy":"post_tag","embeddable":true,"href":"https:\/\/contraluzcucuta.co\/index.php?rest_route=%2Fwp%2Fv2%2Ftags&post=30848"}],"curies":[{"name":"wp","href":"https:\/\/api.w.org\/{rel}","templated":true}]}}