{"id":30845,"date":"2017-10-08T07:04:14","date_gmt":"2017-10-08T12:04:14","guid":{"rendered":"http:\/\/contraluzcucuta.co\/?p=30845"},"modified":"2017-10-08T07:05:53","modified_gmt":"2017-10-08T12:05:53","slug":"feria-de-servicios-670-mineros-artesanales-lograron-formalizarse-con-titulo","status":"publish","type":"post","link":"https:\/\/contraluzcucuta.co\/?p=30845","title":{"rendered":"FERIA DE SERVICIOS. 670 mineros artesanales lograron formalizarse con t\u00edtulo"},"content":{"rendered":"<p><strong>C\u00daCUTA.-<\/strong> En Norte de Santander, desde la emisi\u00f3n de la Ley de Formalizaci\u00f3n Minera, m\u00e1s de 670 trabajadores artesanales lograron el t\u00edtulo minero. Otros 100 presentaron la carta de intenci\u00f3n de formalizaci\u00f3n.<\/p>\n<p>La secretar\u00eda de Minas y Energ\u00eda del departamento desarrolla talleres de capacitaci\u00f3n dirigidos a peque\u00f1os productores mineros, mineros artesanales y mineros en proceso de formalizaci\u00f3n. El objetivo es capacitarlos en los decretos que regulan el proceso de formalizaci\u00f3n.<\/p>\n<p>La \u00faltima jornada se cumpli\u00f3 en C\u00facuta con apoyo de la Agencia Nacional Minera, para fortalecer el conocimiento en el gremio minero y permitir que la actividad se constituya en rengl\u00f3n econ\u00f3mico y seguro para la regi\u00f3n.<\/p>\n<p>La capacitaci\u00f3n estuvo dirigida en:<\/p>\n<p>1.- Oportunidades e informaci\u00f3n oportuna<\/p>\n<p>2.- Bancarizaci\u00f3n<\/p>\n<p>3.- Apoyo en seguridad<\/p>\n<p>4.- Programas sociales<\/p>\n<p>5.- Seguros, fiscalizaci\u00f3n y Formato B\u00e1sico Minero<\/p>\n<p>6.- Tr\u00e1mites en l\u00ednea<\/p>\n<p>7.- Plan de Gesti\u00f3n Social y Ambiental.<\/p>\n<p>Javier Garc\u00eda Granados, vicepresidente de seguimiento y control de la Agencia Nacional Minera, indic\u00f3 que la actividad permiti\u00f3 tener un di\u00e1logo permanente con titulares mineros del departamento. Hablaron sobre la importancia de hacer una explotaci\u00f3n l\u00edcita de minerales que proteja el medio ambiente.<\/p>\n<p>&#8220;Queremos una miner\u00eda bien hecha en las regiones, una miner\u00eda que aporte al desarrollo econ\u00f3mico y a la paz, que sea sostenible y responsable no s\u00f3lo con el medio ambiente, sino tambi\u00e9n con las comunidades\u201d. La miner\u00eda bien hecha solo se logra cuando se trabaja con todos los actores involucrados, gobiernos nacional y local, comunidades y empresas. <\/p>\n","protected":false},"excerpt":{"rendered":"<p>C\u00daCUTA.- En Norte de Santander, desde la emisi\u00f3n de la Ley de Formalizaci\u00f3n Minera, m\u00e1s de 670 trabajadores artesanales lograron el t\u00edtulo minero. Otros 100 presentaron la carta de intenci\u00f3n de formalizaci\u00f3n. La secretar\u00eda de Minas y Energ\u00eda del departamento desarrolla talleres de capacitaci\u00f3n dirigidos a peque\u00f1os productores mineros, mineros artesanales y mineros en proceso &hellip;<\/p>\n","protected":false},"author":1,"featured_media":30847,"comment_status":"open","ping_status":"open","sticky":false,"template":"","format":"standard","meta":{"footnotes":""},"categories":[347,6],"tags":[1384],"class_list":["post-30845","post","type-post","status-publish","format-standard","has-post-thumbnail","hentry","category-medio-ambiente","category-ojo-avizor","tag-mineria-en-norte-de-santander"],"_links":{"self":[{"href":"https:\/\/contraluzcucuta.co\/index.php?rest_route=\/wp\/v2\/posts\/30845","targetHints":{"allow":["GET"]}}],"collection":[{"href":"https:\/\/contraluzcucuta.co\/index.php?rest_route=\/wp\/v2\/posts"}],"about":[{"href":"https:\/\/contraluzcucuta.co\/index.php?rest_route=\/wp\/v2\/types\/post"}],"author":[{"embeddable":true,"href":"https:\/\/contraluzcucuta.co\/index.php?rest_route=\/wp\/v2\/users\/1"}],"replies":[{"embeddable":true,"href":"https:\/\/contraluzcucuta.co\/index.php?rest_route=%2Fwp%2Fv2%2Fcomments&post=30845"}],"version-history":[{"count":1,"href":"https:\/\/contraluzcucuta.co\/index.php?rest_route=\/wp\/v2\/posts\/30845\/revisions"}],"predecessor-version":[{"id":30846,"href":"https:\/\/contraluzcucuta.co\/index.php?rest_route=\/wp\/v2\/posts\/30845\/revisions\/30846"}],"wp:featuredmedia":[{"embeddable":true,"href":"https:\/\/contraluzcucuta.co\/index.php?rest_route=\/wp\/v2\/media\/30847"}],"wp:attachment":[{"href":"https:\/\/contraluzcucuta.co\/index.php?rest_route=%2Fwp%2Fv2%2Fmedia&parent=30845"}],"wp:term":[{"taxonomy":"category","embeddable":true,"href":"https:\/\/contraluzcucuta.co\/index.php?rest_route=%2Fwp%2Fv2%2Fcategories&post=30845"},{"taxonomy":"post_tag","embeddable":true,"href":"https:\/\/contraluzcucuta.co\/index.php?rest_route=%2Fwp%2Fv2%2Ftags&post=30845"}],"curies":[{"name":"wp","href":"https:\/\/api.w.org\/{rel}","templated":true}]}}