{"id":30829,"date":"2017-10-07T17:02:00","date_gmt":"2017-10-07T22:02:00","guid":{"rendered":"http:\/\/contraluzcucuta.co\/?p=30829"},"modified":"2017-10-07T17:02:00","modified_gmt":"2017-10-07T22:02:00","slug":"cese-unilateral-del-fuego-gobernador-invita-al-epl-mostrar-gesto-de-paz","status":"publish","type":"post","link":"https:\/\/contraluzcucuta.co\/?p=30829","title":{"rendered":"CESE UNILATERAL DEL FUEGO. Gobernador invita al EPL a mostrar gesto de paz"},"content":{"rendered":"<p style=\"padding-left: 30px;\"><strong>C\u00daCUTA.-<\/strong> Convencido de la importancia de consolidar la paz en Norte de Santander, el gobernador William Villamizar invit\u00f3 al grupo al <a href=\"https:\/\/contraluzcucuta.co\/articulos\/es-posible-un-dialogo-y-una-negociacion-con-el-epl\/\">Ej\u00e9rcito Popular de Liberaci\u00f3n<\/a> a mostrar un gesto de paz por medio de la declaraci\u00f3n de cese el fuego unilateral.<\/p>\n<p>\u201cUna de las acciones que debe iniciar el EPL debe ser decretar el cese unilateral del fuego. Esto permitir\u00eda generar los primeros pasos para un di\u00e1logo que conduzca a la paz\u201d, dijo Villamizar Laguado.<\/p>\n<p>La invitaci\u00f3n del Gobernador se conoci\u00f3 en el momento que el Gobierno ratific\u00f3 por medio del vicepresidente \u00d3scar Naranjo, que el EPL no es considerado grupo guerrillero y descart\u00f3 cualquier posibilidad de di\u00e1logo de paz.<\/p>\n<p>\u201cLa decisi\u00f3n es perseguirlos, arreciar las operaciones e indicarles que el \u00fanico camino que les queda es el sometimiento a la justicia\u201d, afirm\u00f3 William Villamizar. Explic\u00f3 que no habr\u00e1 negociaci\u00f3n pol\u00edtica, ni negociaci\u00f3n judicial, sino justicia ordinaria y no justicia transicional.<\/p>\n<p>El grupo no se reconoce como actor pol\u00edtico militar, ni como guerrilla. Son una expresi\u00f3n delincuencial armada que tiene que someterse a la ley.<\/p>\n<p>Villamizar Laguado, consciente de la manifestaci\u00f3n del Vicepresidente, afirm\u00f3 que \u201crespetamos la posici\u00f3n del Gobierno. Sin embargo, insistimos en esa tarea\u201d. <\/p>\n","protected":false},"excerpt":{"rendered":"<p>C\u00daCUTA.- Convencido de la importancia de consolidar la paz en Norte de Santander, el gobernador William Villamizar invit\u00f3 al grupo al Ej\u00e9rcito Popular de Liberaci\u00f3n a mostrar un gesto de paz por medio de la declaraci\u00f3n de cese el fuego unilateral. \u201cUna de las acciones que debe iniciar el EPL debe ser decretar el cese &hellip;<\/p>\n","protected":false},"author":1,"featured_media":30830,"comment_status":"open","ping_status":"open","sticky":false,"template":"","format":"standard","meta":{"footnotes":""},"categories":[11],"tags":[3822,2800,839],"class_list":["post-30829","post","type-post","status-publish","format-standard","has-post-thumbnail","hentry","category-cronica-roja","tag-cese-el-fuego","tag-gobernador-william-villamizar","tag-guerrilla-del-epl"],"_links":{"self":[{"href":"https:\/\/contraluzcucuta.co\/index.php?rest_route=\/wp\/v2\/posts\/30829","targetHints":{"allow":["GET"]}}],"collection":[{"href":"https:\/\/contraluzcucuta.co\/index.php?rest_route=\/wp\/v2\/posts"}],"about":[{"href":"https:\/\/contraluzcucuta.co\/index.php?rest_route=\/wp\/v2\/types\/post"}],"author":[{"embeddable":true,"href":"https:\/\/contraluzcucuta.co\/index.php?rest_route=\/wp\/v2\/users\/1"}],"replies":[{"embeddable":true,"href":"https:\/\/contraluzcucuta.co\/index.php?rest_route=%2Fwp%2Fv2%2Fcomments&post=30829"}],"version-history":[{"count":1,"href":"https:\/\/contraluzcucuta.co\/index.php?rest_route=\/wp\/v2\/posts\/30829\/revisions"}],"predecessor-version":[{"id":30831,"href":"https:\/\/contraluzcucuta.co\/index.php?rest_route=\/wp\/v2\/posts\/30829\/revisions\/30831"}],"wp:featuredmedia":[{"embeddable":true,"href":"https:\/\/contraluzcucuta.co\/index.php?rest_route=\/wp\/v2\/media\/30830"}],"wp:attachment":[{"href":"https:\/\/contraluzcucuta.co\/index.php?rest_route=%2Fwp%2Fv2%2Fmedia&parent=30829"}],"wp:term":[{"taxonomy":"category","embeddable":true,"href":"https:\/\/contraluzcucuta.co\/index.php?rest_route=%2Fwp%2Fv2%2Fcategories&post=30829"},{"taxonomy":"post_tag","embeddable":true,"href":"https:\/\/contraluzcucuta.co\/index.php?rest_route=%2Fwp%2Fv2%2Ftags&post=30829"}],"curies":[{"name":"wp","href":"https:\/\/api.w.org\/{rel}","templated":true}]}}