{"id":30822,"date":"2017-10-07T15:18:40","date_gmt":"2017-10-07T20:18:40","guid":{"rendered":"http:\/\/contraluzcucuta.co\/?p=30822"},"modified":"2017-10-07T15:18:40","modified_gmt":"2017-10-07T20:18:40","slug":"marcha-por-el-agua-gobernacion-apoya-el-no-la-mineria-en-santurban","status":"publish","type":"post","link":"https:\/\/contraluzcucuta.co\/?p=30822","title":{"rendered":"MARCHA POR EL AGUA. Gobernaci\u00f3n apoya el \u2018NO\u2019 a la miner\u00eda en Santurb\u00e1n"},"content":{"rendered":"<p><strong>C\u00daCUTA.-<\/strong> Un millar de cucute\u00f1os march\u00f3 por las principales calles de la ciudad para pedir que Santurb\u00e1n sea blindado por el Gobierno y que no otorgue licencias de explotaci\u00f3n minera a compa\u00f1\u00edas nacionales o internacionales. El agua del p\u00e1ramo la consumen m\u00e1s de tres millones de habitantes de C\u00facuta y Bucaramanga.<\/p>\n<p>Gente proveniente de diversos municipios de Norte de Santander, delegados de la Gobernaci\u00f3n y secretarios departamentales coincidieron en que desarrollar acciones que ayuden a preservar el l\u00edquido vital no tiene precio, pues \u201cel verdadero tesoro es el agua\u201d.<\/p>\n<p>Si el Gobierno otorga licencia minera en esa zona de la regi\u00f3n, afectar\u00eda a 20 municipios, sin contar los santandereanos. Este aspecto fue recalcado por los funcionarios en la caminata. El trabajo lo adelantan junto a&nbsp; Corponor para conocer los problemas de los p\u00e1ramos de Santurb\u00e1n y Almorzadero.<\/p>\n<p>Resaltaron la iniciativa del Comit\u00e9 Departamental del Agua. \u201cHay que conservar lo que los abuelos nos dejaron, por eso destacamos la cantidad de cucute\u00f1os que sali\u00f3 a marchar. Ac\u00e1 no hay colores, no hay banderas, todos queremos que se conserven la fauna y la flora\u201d, dijo Juan Carlos Cort\u00e9s, secretario de Fronteras.<\/p>\n<p>El diputado John Edison Ortega se mostr\u00f3 contento por la convocatoria, que reuni\u00f3 a organizaciones sociales, j\u00f3venes y campesinos. \u201cNo vamos a permitir que compa\u00f1\u00edas extranjeras o nacionales vengan a destruir la riqueza natural. Por eso no queremos que el Gobierno entregue licencia de explotaci\u00f3n minera a la compa\u00f1\u00eda Minesa\u201d. <\/p>\n","protected":false},"excerpt":{"rendered":"<p>C\u00daCUTA.- Un millar de cucute\u00f1os march\u00f3 por las principales calles de la ciudad para pedir que Santurb\u00e1n sea blindado por el Gobierno y que no otorgue licencias de explotaci\u00f3n minera a compa\u00f1\u00edas nacionales o internacionales. El agua del p\u00e1ramo la consumen m\u00e1s de tres millones de habitantes de C\u00facuta y Bucaramanga. Gente proveniente de diversos &hellip;<\/p>\n","protected":false},"author":1,"featured_media":30823,"comment_status":"open","ping_status":"open","sticky":false,"template":"","format":"standard","meta":{"footnotes":""},"categories":[2630,347],"tags":[3821,200],"class_list":["post-30822","post","type-post","status-publish","format-standard","has-post-thumbnail","hentry","category-gobernacion","category-medio-ambiente","tag-marcha-por-el-agua","tag-paramo-de-santurban"],"_links":{"self":[{"href":"https:\/\/contraluzcucuta.co\/index.php?rest_route=\/wp\/v2\/posts\/30822","targetHints":{"allow":["GET"]}}],"collection":[{"href":"https:\/\/contraluzcucuta.co\/index.php?rest_route=\/wp\/v2\/posts"}],"about":[{"href":"https:\/\/contraluzcucuta.co\/index.php?rest_route=\/wp\/v2\/types\/post"}],"author":[{"embeddable":true,"href":"https:\/\/contraluzcucuta.co\/index.php?rest_route=\/wp\/v2\/users\/1"}],"replies":[{"embeddable":true,"href":"https:\/\/contraluzcucuta.co\/index.php?rest_route=%2Fwp%2Fv2%2Fcomments&post=30822"}],"version-history":[{"count":1,"href":"https:\/\/contraluzcucuta.co\/index.php?rest_route=\/wp\/v2\/posts\/30822\/revisions"}],"predecessor-version":[{"id":30824,"href":"https:\/\/contraluzcucuta.co\/index.php?rest_route=\/wp\/v2\/posts\/30822\/revisions\/30824"}],"wp:featuredmedia":[{"embeddable":true,"href":"https:\/\/contraluzcucuta.co\/index.php?rest_route=\/wp\/v2\/media\/30823"}],"wp:attachment":[{"href":"https:\/\/contraluzcucuta.co\/index.php?rest_route=%2Fwp%2Fv2%2Fmedia&parent=30822"}],"wp:term":[{"taxonomy":"category","embeddable":true,"href":"https:\/\/contraluzcucuta.co\/index.php?rest_route=%2Fwp%2Fv2%2Fcategories&post=30822"},{"taxonomy":"post_tag","embeddable":true,"href":"https:\/\/contraluzcucuta.co\/index.php?rest_route=%2Fwp%2Fv2%2Ftags&post=30822"}],"curies":[{"name":"wp","href":"https:\/\/api.w.org\/{rel}","templated":true}]}}