{"id":30805,"date":"2017-10-03T21:34:43","date_gmt":"2017-10-04T02:34:43","guid":{"rendered":"http:\/\/contraluzcucuta.co\/?p=30805"},"modified":"2017-10-03T21:34:43","modified_gmt":"2017-10-04T02:34:43","slug":"actualidad-la-podredumbre-de-la-justicia","status":"publish","type":"post","link":"https:\/\/contraluzcucuta.co\/?p=30805","title":{"rendered":"ACTUALIDAD. La podredumbre de la justicia"},"content":{"rendered":"<p>El exmagistrado Francisco Ricaurte, en la c\u00e1rcel La Picota, con la identificaci\u00f3n en el pecho y el vestido a rayas de los delincuentes, marca la m\u00e1xima degradaci\u00f3n a que ha llegado la justicia en Colombia, Y faltan los otros extogados, acusados de delitos contra la justicia y contra la patria, por ser procesados, condenados y llevados a la c\u00e1rcel, por sus imperdonables vagabunder\u00edas.<\/p>\n<p>No tiene ninguna justificaci\u00f3n que estos hombres viejos, porque no son ningunos adolescentes, con barbas y pelos en el pecho, con los sueldos m\u00e1s altos de la burocracia colombiana, hayan ca\u00eddo en los delitos a que han ca\u00eddo por la ambici\u00f3n del sucio dinero, mal ganado, despu\u00e9s de tantos honores y distinciones que la patria y el sufrido pueblo les ha otorgado.<\/p>\n<p>Tres exmagistrados a cual m\u00e1s corruptos y otro que no quiere renunciar, no obstante hab\u00e9rselo pedido sus compa\u00f1eros de magistratura, por sus delitos y los de su leg\u00edtima hija, extorsionista, qui\u00e9n lo creyera, seg\u00fan lo informa la prensa nacional, pero piensa el pueblo que paga cumplidamente los impuestos y tributos que la naci\u00f3n exige, que si el magistrado no se retira, el presidente \u2018Juampa\u2019, que todo lo puede, debe declararlo insubsistente para que no contin\u00fae corrompiendo a este alto organismo de la justicia.<\/p>\n<p>Nunca en la vida jur\u00eddica de la naci\u00f3n se hab\u00eda llegado a este grado de corrupci\u00f3n,&nbsp; ni en el gobierno de facto del general&nbsp; Gustavo Rojas Pinilla. Al contrario, cuando se tom\u00f3 el poder y destituy\u00f3 al presidente Laureano G\u00f3mez encontr\u00f3 que la Corte Suprema de Justicia estaba desprestigiada y acusada de corrupci\u00f3n, la disolvi\u00f3 y nombr\u00f3 una Corte de lujo, con conocidos y eminentes juristas.<\/p>\n<p>Pero el pa\u00eds no puede continuar sin una honesta Corte Suprema de Justicia que vele porque en el pa\u00eds se aplique pronta y cumplida justicia. Se hace necesario que el presidente de la rep\u00fablica convoque a todas las facultades de derecho para que acuerden los t\u00e9rminos indispensables para ponerle freno a esta oleada de profunda corrupci\u00f3n que azota a la justicia colombiana.<\/p>\n<p>Indiscutiblemente, &nbsp;grave es el grado de corrupci\u00f3n a que ha llegado la justicia en Colombia, nacional, departamental y municipal, en las cortes, los tribunales y los juzgados, y se hace indispensable que la autoridad nacional intervenga para buscarle y aplicarle la soluci\u00f3n que necesita. Entre nosotros, en el Tribunal Superior de C\u00facuta dos magistrados est\u00e1n presos por sinverg\u00fcenzas y vagabundos, sin saber si faltan m\u00e1s. En el Tribunal de Meta varios magistrados est\u00e1n presos por la misma causa, la ambici\u00f3n desmedida, por el dinero mal habido, no obstante los crecidos sueldos que devengan.<\/p>\n<p>Esperamos que m\u00e1s temprano que tarde se encuentren las soluciones que la gravedad de la situaci\u00f3n demanda y se les d\u00e9 aplicaci\u00f3n antes de que el derrumbe de la justicia sea vergonzosamente&nbsp; total e irreparable.<\/p>\n<p><strong>PABLO EMILIO RAM\u00cdREZ<\/strong><\/p>\n<p>percal27@hotmail.com<\/p>\n<p>&nbsp; <\/p>\n","protected":false},"excerpt":{"rendered":"<p>El exmagistrado Francisco Ricaurte, en la c\u00e1rcel La Picota, con la identificaci\u00f3n en el pecho y el vestido a rayas de los delincuentes, marca la m\u00e1xima degradaci\u00f3n a que ha llegado la justicia en Colombia, Y faltan los otros extogados, acusados de delitos contra la justicia y contra la patria, por ser procesados, condenados y &hellip;<\/p>\n","protected":false},"author":1,"featured_media":30806,"comment_status":"open","ping_status":"open","sticky":false,"template":"","format":"standard","meta":{"footnotes":""},"categories":[14,4],"tags":[2749,3816,3430],"class_list":["post-30805","post","type-post","status-publish","format-standard","has-post-thumbnail","hentry","category-articulistas","category-barra","tag-articulistas-contraluz","tag-justicia-en-colombia","tag-pablo-emilio-ramirez"],"_links":{"self":[{"href":"https:\/\/contraluzcucuta.co\/index.php?rest_route=\/wp\/v2\/posts\/30805","targetHints":{"allow":["GET"]}}],"collection":[{"href":"https:\/\/contraluzcucuta.co\/index.php?rest_route=\/wp\/v2\/posts"}],"about":[{"href":"https:\/\/contraluzcucuta.co\/index.php?rest_route=\/wp\/v2\/types\/post"}],"author":[{"embeddable":true,"href":"https:\/\/contraluzcucuta.co\/index.php?rest_route=\/wp\/v2\/users\/1"}],"replies":[{"embeddable":true,"href":"https:\/\/contraluzcucuta.co\/index.php?rest_route=%2Fwp%2Fv2%2Fcomments&post=30805"}],"version-history":[{"count":1,"href":"https:\/\/contraluzcucuta.co\/index.php?rest_route=\/wp\/v2\/posts\/30805\/revisions"}],"predecessor-version":[{"id":30807,"href":"https:\/\/contraluzcucuta.co\/index.php?rest_route=\/wp\/v2\/posts\/30805\/revisions\/30807"}],"wp:featuredmedia":[{"embeddable":true,"href":"https:\/\/contraluzcucuta.co\/index.php?rest_route=\/wp\/v2\/media\/30806"}],"wp:attachment":[{"href":"https:\/\/contraluzcucuta.co\/index.php?rest_route=%2Fwp%2Fv2%2Fmedia&parent=30805"}],"wp:term":[{"taxonomy":"category","embeddable":true,"href":"https:\/\/contraluzcucuta.co\/index.php?rest_route=%2Fwp%2Fv2%2Fcategories&post=30805"},{"taxonomy":"post_tag","embeddable":true,"href":"https:\/\/contraluzcucuta.co\/index.php?rest_route=%2Fwp%2Fv2%2Ftags&post=30805"}],"curies":[{"name":"wp","href":"https:\/\/api.w.org\/{rel}","templated":true}]}}