{"id":30802,"date":"2017-10-03T20:15:44","date_gmt":"2017-10-04T01:15:44","guid":{"rendered":"http:\/\/contraluzcucuta.co\/?p=30802"},"modified":"2017-10-03T20:15:44","modified_gmt":"2017-10-04T01:15:44","slug":"ajustes-en-contratacion-ese-imsalud-oferta-servicios-en-unidades-basicas","status":"publish","type":"post","link":"https:\/\/contraluzcucuta.co\/?p=30802","title":{"rendered":"AJUSTES EN CONTRATACI\u00d3N. \u00a0ESE Imsalud oferta servicios en unidades b\u00e1sicas"},"content":{"rendered":"<p style=\"padding-left: 30px;\"><strong>C\u00daCUTA.-<\/strong> Pese a que en la ESE Imsalud se adelanta el proceso de contrataci\u00f3n con algunos ajustes, &nbsp;los servicios se ofrecen normalmente en las seis Unidades B\u00e1sicas y en las 31 IPS de la red de atenci\u00f3n.<\/p>\n<p>Se ha pedido por parte de la ESE a los usuarios que requieran el servicio de salud, acceder a la IPS m\u00e1s cercana a su lugar de residencia. En caso de encontrar dificultad en la atenci\u00f3n, se debe comunicar la inconformidad o caso particular a la Sede Administrativa de Imsalud.<\/p>\n<p>Esta informaci\u00f3n se extiende a la ciudadan\u00eda, que hace uso de la red de salud en el municipio, para que se eviten traumatismos y se genere una atenci\u00f3n \u00f3ptima.<\/p>\n<p>Para &nbsp;el alcalde C\u00e9sar Rojas la prioridad es el ser humano y en consecuencia la soluci\u00f3n de las necesidades b\u00e1sicas insatisfechas. <\/p>\n","protected":false},"excerpt":{"rendered":"<p>C\u00daCUTA.- Pese a que en la ESE Imsalud se adelanta el proceso de contrataci\u00f3n con algunos ajustes, &nbsp;los servicios se ofrecen normalmente en las seis Unidades B\u00e1sicas y en las 31 IPS de la red de atenci\u00f3n. Se ha pedido por parte de la ESE a los usuarios que requieran el servicio de salud, acceder &hellip;<\/p>\n","protected":false},"author":1,"featured_media":30803,"comment_status":"open","ping_status":"open","sticky":false,"template":"","format":"standard","meta":{"footnotes":""},"categories":[2625],"tags":[226,3815],"class_list":["post-30802","post","type-post","status-publish","format-standard","has-post-thumbnail","hentry","category-alcaldia-de-cucuta","tag-alcaldia-de-cucuta","tag-ese-imsalud"],"_links":{"self":[{"href":"https:\/\/contraluzcucuta.co\/index.php?rest_route=\/wp\/v2\/posts\/30802","targetHints":{"allow":["GET"]}}],"collection":[{"href":"https:\/\/contraluzcucuta.co\/index.php?rest_route=\/wp\/v2\/posts"}],"about":[{"href":"https:\/\/contraluzcucuta.co\/index.php?rest_route=\/wp\/v2\/types\/post"}],"author":[{"embeddable":true,"href":"https:\/\/contraluzcucuta.co\/index.php?rest_route=\/wp\/v2\/users\/1"}],"replies":[{"embeddable":true,"href":"https:\/\/contraluzcucuta.co\/index.php?rest_route=%2Fwp%2Fv2%2Fcomments&post=30802"}],"version-history":[{"count":1,"href":"https:\/\/contraluzcucuta.co\/index.php?rest_route=\/wp\/v2\/posts\/30802\/revisions"}],"predecessor-version":[{"id":30804,"href":"https:\/\/contraluzcucuta.co\/index.php?rest_route=\/wp\/v2\/posts\/30802\/revisions\/30804"}],"wp:featuredmedia":[{"embeddable":true,"href":"https:\/\/contraluzcucuta.co\/index.php?rest_route=\/wp\/v2\/media\/30803"}],"wp:attachment":[{"href":"https:\/\/contraluzcucuta.co\/index.php?rest_route=%2Fwp%2Fv2%2Fmedia&parent=30802"}],"wp:term":[{"taxonomy":"category","embeddable":true,"href":"https:\/\/contraluzcucuta.co\/index.php?rest_route=%2Fwp%2Fv2%2Fcategories&post=30802"},{"taxonomy":"post_tag","embeddable":true,"href":"https:\/\/contraluzcucuta.co\/index.php?rest_route=%2Fwp%2Fv2%2Ftags&post=30802"}],"curies":[{"name":"wp","href":"https:\/\/api.w.org\/{rel}","templated":true}]}}