{"id":30798,"date":"2017-10-01T22:24:36","date_gmt":"2017-10-02T03:24:36","guid":{"rendered":"http:\/\/contraluzcucuta.co\/?p=30798"},"modified":"2017-10-01T22:24:36","modified_gmt":"2017-10-02T03:24:36","slug":"informe-especial-el-caracol-africano-de-criatura-indefensa-bicho-mortal","status":"publish","type":"post","link":"https:\/\/contraluzcucuta.co\/?p=30798","title":{"rendered":"INFORME ESPECIAL. El caracol africano, de criatura indefensa a bicho mortal"},"content":{"rendered":"<p><strong>C\u00daCUTA.-<\/strong> El caracol africano es un animal que a simple vista se ve indefenso y de bonito aspecto. Puede servir para tenerlo como adorno en &nbsp;casas o para que los ni\u00f1os jueguen. El color caf\u00e9, con r\u00fastico negro, lo diferencian del caracol tradicional de estas tierras.<\/p>\n<p>La llegada a C\u00facuta, espec\u00edficamente &nbsp;al parque&nbsp; \u2018Nicol\u00e1s Colmenares\u2019, en el barrio La Ceiba, obedece al auge en la cosmetolog\u00eda en la zona de frontera. Era trasportado con fines est\u00e9ticos para mejorar el aspecto de la piel y el uso podr\u00eda darse de manera natural o con un proceso qu\u00edmico que se vend\u00eda en tarros.<\/p>\n<p>\u201cEsta es una manera de camuflar a esos animales\u201d, dijo Juan Carlos Zambrano Useche, bacteri\u00f3logo y especialista en el tema. Ha dedicado tiempo y esfuerzo para determinar si el uso es favorable o desfavorable para los humanos.<\/p>\n<p>El caracol africano puede causar enfermedades silenciosas o asistem\u00e1ticas, el efecto no es r\u00e1pido y tarda entre 15 y m\u00e1s a\u00f1os en reflejarse. La baba&nbsp; que produce est\u00e1 infectada&nbsp; por la &nbsp;larva <em>estrongiloidiasis,<\/em>&nbsp;par\u00e1sito&nbsp;<a href=\"https:\/\/es.wikipedia.org\/wiki\/Intestino\">intestinal<\/a>, que al tener contacto con los dedos, los ojos o la boca ingresa al organismo. El cuerpo del par\u00e1sito puede medir entre 0,5 y 0,4 micras, recorre&nbsp; la sangre y llega a habitar en los intestinos o el cerebro.<\/p>\n<p>Causa enfermedades que para los m\u00e9dicos son dif\u00edciles de diagnosticar, como la <em>angioestrongiloidiasis<\/em> que en ocasiones se confunde con apendicitis, porque produce un dolor similar y afecta lentamente los intestinos. Otra es la <em>meningoencefalitis,<\/em>&nbsp; que recuerda la&nbsp;<a href=\"https:\/\/es.wikipedia.org\/wiki\/Meningitis\">meningitis<\/a>, por <a href=\"https:\/\/es.wikipedia.org\/wiki\/Infecci%C3%B3n\">infecci\u00f3n<\/a>&nbsp;o <a href=\"https:\/\/es.wikipedia.org\/wiki\/Inflamaci%C3%B3n\">inflamaci\u00f3n<\/a> de las&nbsp;<a href=\"https:\/\/es.wikipedia.org\/wiki\/Meninge\">meninges<\/a> y la&nbsp;<a href=\"https:\/\/es.wikipedia.org\/wiki\/Encefalitis\">encefalitis<\/a>, que es la infecci\u00f3n o la inflamaci\u00f3n del&nbsp;<a href=\"https:\/\/es.wikipedia.org\/wiki\/Cerebro\">cerebro<\/a><\/p>\n<p>El poco cuidado que le han tenido ha llevado a que&nbsp; se extienda por Villa del Rosario, Los Patios y C\u00facuta. Zambrano le ha indicado a la empresa de Aseo Urbano que tenga cuidado con la manipulaci\u00f3n de esos animales. En&nbsp; un comienzo, los trabajadores no ten\u00edan conocimiento y &nbsp;barr\u00edan&nbsp; los desechos&nbsp; y los&nbsp; depositaban en bolsas, que luego iban a parar en los botaderos donde formaban nuevos criaderos. Despu\u00e9s de la sugerencia la empresa tom\u00f3 medidas&nbsp; preventivas.<\/p>\n<p>El bacteri\u00f3logo ha dedicado horas nocturnas a la recolecci\u00f3n por kilos de los caracoles y por la escasez de recursos no ha tenido las normas requeridas para la manipulaci\u00f3n y evitar infecciones en el cuerpo. Los &nbsp;recog\u00eda en bolsas para evitar la reproducci\u00f3n.&nbsp;<\/p>\n<p>El Gobierno no le ha dado la importancia debida y a pesar de que ha tocado puertas en la Alcald\u00eda y la Gobernaci\u00f3n, no ha encontrado respuesta. Corponor ha intervenido de manera poco comprometida. En primeras instancia para la divulgaci\u00f3n de la informaci\u00f3n, pero no han tenido en cuenta la Resoluci\u00f3n 654 del 7 de abril del 2011, que indica las normas y el cuidado que deben tenerse con estas especies.<\/p>\n<p>Zambrano ha gestionado recursos y seguir con la investigaci\u00f3n. Aunque pocos crean en lo que sucede, el trabajo le da la raz\u00f3n. Una ni\u00f1a de 14 a\u00f1os, del barrio Antonia Santos, es portadora de la larva <em>estrongiloidiasis.<\/em> Este caso lo lleva a pensar que su teor\u00eda es cierta y que las larvas se han expandido.<\/p>\n<p>Las secretar\u00edas de Salud y la Gobernaci\u00f3n tienen conocimiento, porque les presentaron un proyecto por $ 7000 millones, generar\u00edan m\u00e1s de 100 empleos en la erradicaci\u00f3n, contrataci\u00f3n y manipulaci\u00f3n. Las medidas que por ahora deber\u00edan tomarse es cambiar el tipo de zona verde, hacer limpieza con agua y jab\u00f3n y aplicar cal y sal de manera individual a cada especie de caracol que est\u00e9 en el parque. Para la erradicaci\u00f3n total se deben incinerar y no enterrar.<\/p>\n<p>Estas enfermedades silenciosas producidas por animales peque\u00f1os &nbsp;pueden generar da\u00f1os irreversibles. Entre tanto, el bacteri\u00f3logo con trabajo&nbsp; y pujanza no ha podido seguir con los ex\u00e1menes, porque carece de recursos para investigaci\u00f3n.<\/p>\n<p><strong>EMERSON DA SILVA<\/strong> <\/p>\n","protected":false},"excerpt":{"rendered":"<p>C\u00daCUTA.- El caracol africano es un animal que a simple vista se ve indefenso y de bonito aspecto. Puede servir para tenerlo como adorno en &nbsp;casas o para que los ni\u00f1os jueguen. El color caf\u00e9, con r\u00fastico negro, lo diferencian del caracol tradicional de estas tierras. La llegada a C\u00facuta, espec\u00edficamente &nbsp;al parque&nbsp; \u2018Nicol\u00e1s Colmenares\u2019, &hellip;<\/p>\n","protected":false},"author":1,"featured_media":30799,"comment_status":"open","ping_status":"open","sticky":false,"template":"","format":"standard","meta":{"footnotes":""},"categories":[45,4],"tags":[3814],"class_list":["post-30798","post","type-post","status-publish","format-standard","has-post-thumbnail","hentry","category-destacado","category-barra","tag-caracol-africano"],"_links":{"self":[{"href":"https:\/\/contraluzcucuta.co\/index.php?rest_route=\/wp\/v2\/posts\/30798","targetHints":{"allow":["GET"]}}],"collection":[{"href":"https:\/\/contraluzcucuta.co\/index.php?rest_route=\/wp\/v2\/posts"}],"about":[{"href":"https:\/\/contraluzcucuta.co\/index.php?rest_route=\/wp\/v2\/types\/post"}],"author":[{"embeddable":true,"href":"https:\/\/contraluzcucuta.co\/index.php?rest_route=\/wp\/v2\/users\/1"}],"replies":[{"embeddable":true,"href":"https:\/\/contraluzcucuta.co\/index.php?rest_route=%2Fwp%2Fv2%2Fcomments&post=30798"}],"version-history":[{"count":1,"href":"https:\/\/contraluzcucuta.co\/index.php?rest_route=\/wp\/v2\/posts\/30798\/revisions"}],"predecessor-version":[{"id":30800,"href":"https:\/\/contraluzcucuta.co\/index.php?rest_route=\/wp\/v2\/posts\/30798\/revisions\/30800"}],"wp:featuredmedia":[{"embeddable":true,"href":"https:\/\/contraluzcucuta.co\/index.php?rest_route=\/wp\/v2\/media\/30799"}],"wp:attachment":[{"href":"https:\/\/contraluzcucuta.co\/index.php?rest_route=%2Fwp%2Fv2%2Fmedia&parent=30798"}],"wp:term":[{"taxonomy":"category","embeddable":true,"href":"https:\/\/contraluzcucuta.co\/index.php?rest_route=%2Fwp%2Fv2%2Fcategories&post=30798"},{"taxonomy":"post_tag","embeddable":true,"href":"https:\/\/contraluzcucuta.co\/index.php?rest_route=%2Fwp%2Fv2%2Ftags&post=30798"}],"curies":[{"name":"wp","href":"https:\/\/api.w.org\/{rel}","templated":true}]}}