{"id":30795,"date":"2017-10-01T19:17:34","date_gmt":"2017-10-02T00:17:34","guid":{"rendered":"http:\/\/contraluzcucuta.co\/?p=30795"},"modified":"2017-10-01T19:17:34","modified_gmt":"2017-10-02T00:17:34","slug":"foro-del-agua-llamado-la-reflexion-sobre-el-cuidado-del-paramo-de-santurban","status":"publish","type":"post","link":"https:\/\/contraluzcucuta.co\/?p=30795","title":{"rendered":"FORO DEL AGUA. Llamado a la reflexi\u00f3n sobre el cuidado del p\u00e1ramo de Santurb\u00e1n"},"content":{"rendered":"<p><strong>C\u00daCUTA.-<\/strong> \u2018Nuestro oro es el agua\u2019 es el lema que reuni\u00f3 a un centenar de hombres y mujeres para participar en del Primer Foro del Agua. La actividad cont\u00f3 con apoyo de la Gobernaci\u00f3n de Norte de Santander, pues su papel es fundamental para el desarrollo de programas que persiguen la preservaci\u00f3n del P\u00e1ramo de Santurb\u00e1n, la delimitaci\u00f3n y la miner\u00eda legal.<\/p>\n<p>El secretario de Fronteras y Cooperaci\u00f3n Internacional, Juan Carlos Cort\u00e9s, dijo que el objetivo principal del encuentro era reflexionar sobre el cuidado del preciado l\u00edquido. Con la delimitaci\u00f3n del P\u00e1ramo de Santurb\u00e1n, m\u00e1s de dos millones de habitantes se abastecen en las capitales de Santander y Norte de Santander.<\/p>\n<p>El Sena, instituciones educativas regionales y el Ministerio del Medio Ambiente resaltaron la labor en el desarrollo de estrategias que permitan tener ecosistemas sostenibles. El agua que corre por r\u00edos y quebradas es fuente de vida para toda la poblaci\u00f3n.<\/p>\n<p>Heyner Mancera, delegado del Ministerio del Medio Ambiente para la preservaci\u00f3n del P\u00e1ramo de Santurb\u00e1n, expres\u00f3 que la labor de la Gobernaci\u00f3n de Norte de Santander se ha articulado con &nbsp;la Alianza Bio Cuenca, cuya finalidad es recaudar recursos de empresas privadas que se interesen por el cuidado de este espacio vital.<\/p>\n<p>Se espera que este tipo de espacios hagan parte de la agenda regional, para tomar conciencia de que \u2018Nuestro oro es el agua\u2019. <\/p>\n","protected":false},"excerpt":{"rendered":"<p>C\u00daCUTA.- \u2018Nuestro oro es el agua\u2019 es el lema que reuni\u00f3 a un centenar de hombres y mujeres para participar en del Primer Foro del Agua. La actividad cont\u00f3 con apoyo de la Gobernaci\u00f3n de Norte de Santander, pues su papel es fundamental para el desarrollo de programas que persiguen la preservaci\u00f3n del P\u00e1ramo de &hellip;<\/p>\n","protected":false},"author":1,"featured_media":30796,"comment_status":"open","ping_status":"open","sticky":false,"template":"","format":"standard","meta":{"footnotes":""},"categories":[45,347],"tags":[3813,200],"class_list":["post-30795","post","type-post","status-publish","format-standard","has-post-thumbnail","hentry","category-destacado","category-medio-ambiente","tag-foro-sobre-el-agua","tag-paramo-de-santurban"],"_links":{"self":[{"href":"https:\/\/contraluzcucuta.co\/index.php?rest_route=\/wp\/v2\/posts\/30795","targetHints":{"allow":["GET"]}}],"collection":[{"href":"https:\/\/contraluzcucuta.co\/index.php?rest_route=\/wp\/v2\/posts"}],"about":[{"href":"https:\/\/contraluzcucuta.co\/index.php?rest_route=\/wp\/v2\/types\/post"}],"author":[{"embeddable":true,"href":"https:\/\/contraluzcucuta.co\/index.php?rest_route=\/wp\/v2\/users\/1"}],"replies":[{"embeddable":true,"href":"https:\/\/contraluzcucuta.co\/index.php?rest_route=%2Fwp%2Fv2%2Fcomments&post=30795"}],"version-history":[{"count":1,"href":"https:\/\/contraluzcucuta.co\/index.php?rest_route=\/wp\/v2\/posts\/30795\/revisions"}],"predecessor-version":[{"id":30797,"href":"https:\/\/contraluzcucuta.co\/index.php?rest_route=\/wp\/v2\/posts\/30795\/revisions\/30797"}],"wp:featuredmedia":[{"embeddable":true,"href":"https:\/\/contraluzcucuta.co\/index.php?rest_route=\/wp\/v2\/media\/30796"}],"wp:attachment":[{"href":"https:\/\/contraluzcucuta.co\/index.php?rest_route=%2Fwp%2Fv2%2Fmedia&parent=30795"}],"wp:term":[{"taxonomy":"category","embeddable":true,"href":"https:\/\/contraluzcucuta.co\/index.php?rest_route=%2Fwp%2Fv2%2Fcategories&post=30795"},{"taxonomy":"post_tag","embeddable":true,"href":"https:\/\/contraluzcucuta.co\/index.php?rest_route=%2Fwp%2Fv2%2Ftags&post=30795"}],"curies":[{"name":"wp","href":"https:\/\/api.w.org\/{rel}","templated":true}]}}