{"id":30792,"date":"2017-10-01T19:03:21","date_gmt":"2017-10-02T00:03:21","guid":{"rendered":"http:\/\/contraluzcucuta.co\/?p=30792"},"modified":"2017-10-01T19:03:21","modified_gmt":"2017-10-02T00:03:21","slug":"recompensa-50-millones-por-informacion-de-victor-julio-roqueme","status":"publish","type":"post","link":"https:\/\/contraluzcucuta.co\/?p=30792","title":{"rendered":"RECOMPENSA. $ 50 millones por informaci\u00f3n de V\u00edctor Julio Roqueme"},"content":{"rendered":"<p><strong>C\u00daCUTA.-<\/strong> El gobernador (e) de Norte de Santander, Edgar Andr\u00e9s Pallares, &nbsp;anunci\u00f3 la recompensa de $ 50 millones por informaci\u00f3n que conduzca al rescate y liberaci\u00f3n de &nbsp;V\u00edctor Julio Roqueme, secuestrado ayer en C\u00facuta.<\/p>\n<p>El caso ocurri\u00f3 en el Anillo Vial y ha motivado la movilizaci\u00f3n de las autoridades judiciales. \u201cExpresamos, como autoridades civiles y como nortesantandereanos, el acompa\u00f1amiento a la familia en este momento\u201d, dijo Pallares.<\/p>\n<p>La Fuerza P\u00fablica, la Fiscal\u00eda y los organismos de investigaci\u00f3n trabajan para esclarecer el hecho.<\/p>\n<p>La administraci\u00f3n departamental invit\u00f3 a los habitantes de El Zulia, Sardinata y Santiago, por donde pudo haber sido trasladado el secuestrado, para que den informaci\u00f3n al respecto.<\/p>\n<p>\u201cExigimos a los captores la liberaci\u00f3n inmediata (de V\u00edctor Julio Roqueme), sin ninguna clase de condici\u00f3n ni contraprestaci\u00f3n por su libertad\u201d, puntualiz\u00f3 el funcionario. <\/p>\n","protected":false},"excerpt":{"rendered":"<p>C\u00daCUTA.- El gobernador (e) de Norte de Santander, Edgar Andr\u00e9s Pallares, &nbsp;anunci\u00f3 la recompensa de $ 50 millones por informaci\u00f3n que conduzca al rescate y liberaci\u00f3n de &nbsp;V\u00edctor Julio Roqueme, secuestrado ayer en C\u00facuta. El caso ocurri\u00f3 en el Anillo Vial y ha motivado la movilizaci\u00f3n de las autoridades judiciales. \u201cExpresamos, como autoridades civiles y &hellip;<\/p>\n","protected":false},"author":1,"featured_media":30793,"comment_status":"open","ping_status":"open","sticky":false,"template":"","format":"standard","meta":{"footnotes":""},"categories":[11],"tags":[323,163],"class_list":["post-30792","post","type-post","status-publish","format-standard","has-post-thumbnail","hentry","category-cronica-roja","tag-mecuc","tag-policia-metropolitana"],"_links":{"self":[{"href":"https:\/\/contraluzcucuta.co\/index.php?rest_route=\/wp\/v2\/posts\/30792","targetHints":{"allow":["GET"]}}],"collection":[{"href":"https:\/\/contraluzcucuta.co\/index.php?rest_route=\/wp\/v2\/posts"}],"about":[{"href":"https:\/\/contraluzcucuta.co\/index.php?rest_route=\/wp\/v2\/types\/post"}],"author":[{"embeddable":true,"href":"https:\/\/contraluzcucuta.co\/index.php?rest_route=\/wp\/v2\/users\/1"}],"replies":[{"embeddable":true,"href":"https:\/\/contraluzcucuta.co\/index.php?rest_route=%2Fwp%2Fv2%2Fcomments&post=30792"}],"version-history":[{"count":1,"href":"https:\/\/contraluzcucuta.co\/index.php?rest_route=\/wp\/v2\/posts\/30792\/revisions"}],"predecessor-version":[{"id":30794,"href":"https:\/\/contraluzcucuta.co\/index.php?rest_route=\/wp\/v2\/posts\/30792\/revisions\/30794"}],"wp:featuredmedia":[{"embeddable":true,"href":"https:\/\/contraluzcucuta.co\/index.php?rest_route=\/wp\/v2\/media\/30793"}],"wp:attachment":[{"href":"https:\/\/contraluzcucuta.co\/index.php?rest_route=%2Fwp%2Fv2%2Fmedia&parent=30792"}],"wp:term":[{"taxonomy":"category","embeddable":true,"href":"https:\/\/contraluzcucuta.co\/index.php?rest_route=%2Fwp%2Fv2%2Fcategories&post=30792"},{"taxonomy":"post_tag","embeddable":true,"href":"https:\/\/contraluzcucuta.co\/index.php?rest_route=%2Fwp%2Fv2%2Ftags&post=30792"}],"curies":[{"name":"wp","href":"https:\/\/api.w.org\/{rel}","templated":true}]}}