{"id":30786,"date":"2017-10-01T18:14:29","date_gmt":"2017-10-01T23:14:29","guid":{"rendered":"http:\/\/contraluzcucuta.co\/?p=30786"},"modified":"2017-10-01T18:14:29","modified_gmt":"2017-10-01T23:14:29","slug":"notas-al-margen-que-se-necesita-para-proyectar-la-frontera-colombo-venezolana","status":"publish","type":"post","link":"https:\/\/contraluzcucuta.co\/?p=30786","title":{"rendered":"NOTAS AL MARGEN. \u00bfQu\u00e9 se necesita para\u00a0 proyectar \u00a0la frontera colombo-venezolana?"},"content":{"rendered":"<p>1.- Es claro y cierto que por circunstancias de diversa composici\u00f3n, calificaci\u00f3n y desarrollo, cuanto se refiera a Venezuela y, en especial a las relaciones con Colombia y al manejo fronterizo, por factores permanentemente demostrativos y originados desde el mismo proceso de la Independencia y \u00faltimamente al manejo y control que se quiere ejercer&nbsp; sobre lo social, econ\u00f3mico y pol\u00edtico, se han generado vac\u00edos de indiferencia y olvido, que si no se atienden con prontitud&nbsp; y esmero, el deterioro de las opciones para una integraci\u00f3n din\u00e1mica y un aprovechamiento conjunto de la ubicaci\u00f3n geoestrat\u00e9gica, como de las ventajas comparativas y productos que podr\u00edan impulsar e innovar muchas acciones, podr\u00edan ser vulneradas y afectadas seriamente.<\/p>\n<p>2.- \u00bfPor qu\u00e9? Porque el distanciamiento y la falta de entendimientos entre los gobiernos centrales, as\u00ed como la virtual desaparici\u00f3n de encuentros y valoraciones para proyectos en las zonas fronterizas, han ubicado en el olvido a los incentivos, est\u00edmulos y mecanismos que mediante concertaci\u00f3n y esmerada aplicaci\u00f3n permitir\u00edan el irrumpir de nuevas e innovadoras empresas para la innovaci\u00f3n y el desarrollo en lo comercial, industrial y de servicios, que como auxiliares de la generaci\u00f3n de empleo, investigaci\u00f3n, capacitaci\u00f3n y mejoramiento integral est\u00e1n pidiendo estas fajas territoriales que conforman la zona fronteriza&nbsp; de mayor accionar y expectativas.<\/p>\n<p>Infortunadamente, la ausencia de asociaci\u00f3n, solidaridad comunitaria y unidad en el actuar, as\u00ed como una carencia de liderazgo en los cargos y representaciones de mayor importancia&nbsp; y una evidente conducta hacia el facilismo en la ganancia o la utilidad, en una y otra parte de los limites, no ha permitido que brote e irrumpa con entusiasmo, seguridad y persistencia la actitud y la decisi\u00f3n de otorgarle y apuntalarle a la frontera una nueva visi\u00f3n de lo que es y representa la labor compartida y conjunta. Y, m\u00e1s, si esa observaci\u00f3n y an\u00e1lisis de hechos, realidades&nbsp; y perspectivas no asume visualizar el futuro y las experiencias en otros lugares y zonas del planeta.<\/p>\n<p>3.- S\u00ed, en la frontera colombo-venezolana, hay mucho por hacer y de enormes y significativas proyecciones, si en verdad se quiere progresar y crear unos&nbsp; m\u00e1s juiciosos&nbsp; fundamentos de vida y desarrollo, con compromisos y aportes compartidos o conjuntos. Infortunadamente, falta cerrar el comp\u00e1s de espera, promover m\u00e1s acercamientos y sinceros entendimientos entre los gobiernos de lo local, regional y nacional, tanto de lo privado como de lo p\u00fablico, mediante una convocatoria franca y estimulante al desaf\u00edo y reto hacia el desarrollo, vinculando y haciendo part\u00edcipes a todos los sectores y otorg\u00e1ndole a lo educativo, operativo, funcional&nbsp;&nbsp; y representativo de todos los n\u00facleos, la orientaci\u00f3n, asistencia&nbsp; y encausamiento hacia ese prop\u00f3sito progresista y positivo.<\/p>\n<p>Creemos que solicitar a los gobiernos&nbsp; nacionales y a los congresos de cada naci\u00f3n o Estado la creaci\u00f3n de la Comisi\u00f3n Especial y Extraordinaria Fronteriza, al m\u00e1s alto nivel representativo, para que eval\u00fae lo m\u00e1s exigente y&nbsp;&nbsp; urgente, junto a ministerios de fronteras y especiales contralor\u00edas de fronteras, es lo que m\u00e1s se requiere y para el correspondiente est\u00edmulo y seguimiento&nbsp; de los planes de acci\u00f3n y desarrollo que se deben y pueden definir y estructurar. Adem\u00e1s, son pasos y acciones en procura de avance, progreso e integraci\u00f3n que exigen igualmente e irremediablemente, una trasformaci\u00f3n o cambio en la actitud y la conducta de los ciudadanos y los n\u00facleos que conforman la identidad y la presencia de la sociedad, en su conjunto y sin exclusiones, ni excepciones.<\/p>\n<p>\u00bfPor qu\u00e9? Porque si no hay un actuar compacto, distinto y m\u00e1s comprometido y funcional que no postergue lo que hay que hacer y de la manera mejor y m\u00e1s inmediata, el futuro, ser\u00e1 m\u00e1s incierto, amenazante y desarticulado.<\/p>\n<p><strong>JOSE NEIRA REY<\/strong><\/p>\n<p><a href=\"mailto:jneirarey@hotmail.com\">jneirarey@hotmail.com<\/a><\/p>\n<p>&nbsp; <\/p>\n","protected":false},"excerpt":{"rendered":"<p>1.- Es claro y cierto que por circunstancias de diversa composici\u00f3n, calificaci\u00f3n y desarrollo, cuanto se refiera a Venezuela y, en especial a las relaciones con Colombia y al manejo fronterizo, por factores permanentemente demostrativos y originados desde el mismo proceso de la Independencia y \u00faltimamente al manejo y control que se quiere ejercer&nbsp; sobre &hellip;<\/p>\n","protected":false},"author":1,"featured_media":30787,"comment_status":"open","ping_status":"open","sticky":false,"template":"","format":"standard","meta":{"footnotes":""},"categories":[14,4],"tags":[2749,578,382,956],"class_list":["post-30786","post","type-post","status-publish","format-standard","has-post-thumbnail","hentry","category-articulistas","category-barra","tag-articulistas-contraluz","tag-frontera-colombo-venezolana","tag-jose-neira","tag-notas-al-margen"],"_links":{"self":[{"href":"https:\/\/contraluzcucuta.co\/index.php?rest_route=\/wp\/v2\/posts\/30786","targetHints":{"allow":["GET"]}}],"collection":[{"href":"https:\/\/contraluzcucuta.co\/index.php?rest_route=\/wp\/v2\/posts"}],"about":[{"href":"https:\/\/contraluzcucuta.co\/index.php?rest_route=\/wp\/v2\/types\/post"}],"author":[{"embeddable":true,"href":"https:\/\/contraluzcucuta.co\/index.php?rest_route=\/wp\/v2\/users\/1"}],"replies":[{"embeddable":true,"href":"https:\/\/contraluzcucuta.co\/index.php?rest_route=%2Fwp%2Fv2%2Fcomments&post=30786"}],"version-history":[{"count":1,"href":"https:\/\/contraluzcucuta.co\/index.php?rest_route=\/wp\/v2\/posts\/30786\/revisions"}],"predecessor-version":[{"id":30788,"href":"https:\/\/contraluzcucuta.co\/index.php?rest_route=\/wp\/v2\/posts\/30786\/revisions\/30788"}],"wp:featuredmedia":[{"embeddable":true,"href":"https:\/\/contraluzcucuta.co\/index.php?rest_route=\/wp\/v2\/media\/30787"}],"wp:attachment":[{"href":"https:\/\/contraluzcucuta.co\/index.php?rest_route=%2Fwp%2Fv2%2Fmedia&parent=30786"}],"wp:term":[{"taxonomy":"category","embeddable":true,"href":"https:\/\/contraluzcucuta.co\/index.php?rest_route=%2Fwp%2Fv2%2Fcategories&post=30786"},{"taxonomy":"post_tag","embeddable":true,"href":"https:\/\/contraluzcucuta.co\/index.php?rest_route=%2Fwp%2Fv2%2Ftags&post=30786"}],"curies":[{"name":"wp","href":"https:\/\/api.w.org\/{rel}","templated":true}]}}