{"id":30761,"date":"2017-09-25T23:11:14","date_gmt":"2017-09-26T04:11:14","guid":{"rendered":"http:\/\/contraluzcucuta.co\/?p=30761"},"modified":"2017-09-26T05:45:24","modified_gmt":"2017-09-26T10:45:24","slug":"gimnasia-futuros-medallistas-olimpicos-se-preparan-en-norte-de-santander","status":"publish","type":"post","link":"https:\/\/contraluzcucuta.co\/?p=30761","title":{"rendered":"GIMNASIA. Futuros medallistas Ol\u00edmpicos se preparan en Norte de Santander"},"content":{"rendered":"<p><strong>C\u00daCUTA.-<\/strong> La gimnasia art\u00edstica le ha brindado grandes alegr\u00edas al departamento y es un orgullo nacional. Este grupo de campeones lo encabeza Jossimar Calvo y a la par marcha una cantidad de gimnastas, que desde los cinco a\u00f1os, se est\u00e1n forjando. Desde ahora, las estanter\u00edas guardan medallas de cada presentaci\u00f3n donde se consagran como los mejores.<\/p>\n<p>La cabeza principal de esta gesta deportiva es Jairo Ruiz, quien con sus pupilos permitieron que la disciplina tomara credibilidad en la ciudad. Por eso una gran cantidad de ni\u00f1os trabaja fuerte todos los d\u00edas para estar al nivel de Jossimar Calvo, fortalecer la Selecci\u00f3n Colombia y llenar los medalleros de Norte de Santander.<\/p>\n<p>Los gimnastas est\u00e1n divididos en &nbsp;grupos. El Elite, comandado por Jossimar; el juvenil y el infantil son competidores ol\u00edmpicos, y los talentos que se fich\u00e1ndose para alimentar el semillero que es donde se identifican las cualidades de cada uno. Aqu\u00ed es donde es importante el papel de Cristian Cote, asistente del profesor Ruiz.<\/p>\n<p>\u201cSe han recibido ni\u00f1os de cuatro a\u00f1os y por su madurez mental parecen de seis o siete\u201d. En este momento el grupo de competencia acab\u00f3 de llegar de Argentina.<\/p>\n<p>Al profesor Ruiz le gustan los procesos con frutos, por eso los ni\u00f1os compiten cuando las cualidades y las habilidades est\u00e1n suficientemente formadas para las exigencias. Esta es una ventaja para hacerse notar. Juan Jos\u00e9 Fern\u00e1ndez, tiene&nbsp; ocho a\u00f1os, espera competir en el pr\u00f3ximo ciclo en gimnasia art\u00edstica. Anhela representar a Norte de Santander y despu\u00e9s a&nbsp; Colombia. Ha madurado tanto en el deporte que no tiene problemas con el horario del colegio y los entrenamientos. Espera estar r\u00e1pido en el grupo de la elite y cosechar medallas.<\/p>\n<p>Llega al coliseo Eustorgio Colmenares a la 1:30 de la tarde y se va tres horas despu\u00e9s, entre semana. S\u00e1bados y domingos, se entrena de 8:00 de la ma\u00f1ana a 12:00 del d\u00eda. Este es el sacrificio que se debe hacer para estar entre los mejores. Adem\u00e1s, con los compa\u00f1eros practica los elementos que m\u00e1s se les dificultan para mejorar cada d\u00eda.<\/p>\n<p>Otro gimnasta con proyecci\u00f3n es Dylan Rojas. Tiene 10 a\u00f1os y desde los cuatro practica gimnasia. Los aparatos, los avances y subir el nivel lo emocionan. Est\u00e1 en nivel de competencia cuatro y ha participado en departamentales. Escucha cada uno de los consejos de Jossimar. \u201cSeguir por la l\u00ednea y nunca desviarse\u201d. El apoyo de los profesores es fundamental y su anhelo es llegar a la Selecci\u00f3n Colombia.<\/p>\n<p>Los profesores tratan de identificar en los semilleros a los talentos ocultos que pueden ofrecer grandes glorias del deporte. Las caracter\u00edsticas de los ni\u00f1os empiezan a verse desde una parada de manos, hasta un salto gimn\u00e1stico. Ah\u00ed se ve la proyecci\u00f3n.<\/p>\n<p>La gen\u00e9tica cumple un factorfundamental aqu\u00ed. Hay ni\u00f1os fuertes, pero no flexibles, as\u00ed como ni\u00f1os d\u00e9biles y flexibles. El rol de los tutores y los nutricionistas es compensar esas caracter\u00edsticas y que se pueda potenciar la forma f\u00edsica.<\/p>\n<p>Este deporte mejora la salud de la ciudad, otorga una buena forma de aprovechar el tiempo libre. Forma lideres deportivos con buenoscimientos t\u00e9cnicos y \u00e9ticos. Adem\u00e1s la ciudad tiene las esperanzas renovadas estos ni\u00f1os que han dejado de ser peque\u00f1os para convertirse en gigantes fuera del departamento y que llegaran hacer inalcanzables en el mundo. <\/p>\n","protected":false},"excerpt":{"rendered":"<p>C\u00daCUTA.- La gimnasia art\u00edstica le ha brindado grandes alegr\u00edas al departamento y es un orgullo nacional. Este grupo de campeones lo encabeza Jossimar Calvo y a la par marcha una cantidad de gimnastas, que desde los cinco a\u00f1os, se est\u00e1n forjando. Desde ahora, las estanter\u00edas guardan medallas de cada presentaci\u00f3n donde se consagran como los &hellip;<\/p>\n","protected":false},"author":1,"featured_media":30762,"comment_status":"open","ping_status":"open","sticky":false,"template":"","format":"standard","meta":{"footnotes":""},"categories":[28],"tags":[1605,2399,639],"class_list":["post-30761","post","type-post","status-publish","format-standard","has-post-thumbnail","hentry","category-vistazo-deportivo","tag-gimnasia-de-norte-de-santander","tag-jairo-ruiz","tag-jossimar-calvo"],"_links":{"self":[{"href":"https:\/\/contraluzcucuta.co\/index.php?rest_route=\/wp\/v2\/posts\/30761","targetHints":{"allow":["GET"]}}],"collection":[{"href":"https:\/\/contraluzcucuta.co\/index.php?rest_route=\/wp\/v2\/posts"}],"about":[{"href":"https:\/\/contraluzcucuta.co\/index.php?rest_route=\/wp\/v2\/types\/post"}],"author":[{"embeddable":true,"href":"https:\/\/contraluzcucuta.co\/index.php?rest_route=\/wp\/v2\/users\/1"}],"replies":[{"embeddable":true,"href":"https:\/\/contraluzcucuta.co\/index.php?rest_route=%2Fwp%2Fv2%2Fcomments&post=30761"}],"version-history":[{"count":1,"href":"https:\/\/contraluzcucuta.co\/index.php?rest_route=\/wp\/v2\/posts\/30761\/revisions"}],"predecessor-version":[{"id":30763,"href":"https:\/\/contraluzcucuta.co\/index.php?rest_route=\/wp\/v2\/posts\/30761\/revisions\/30763"}],"wp:featuredmedia":[{"embeddable":true,"href":"https:\/\/contraluzcucuta.co\/index.php?rest_route=\/wp\/v2\/media\/30762"}],"wp:attachment":[{"href":"https:\/\/contraluzcucuta.co\/index.php?rest_route=%2Fwp%2Fv2%2Fmedia&parent=30761"}],"wp:term":[{"taxonomy":"category","embeddable":true,"href":"https:\/\/contraluzcucuta.co\/index.php?rest_route=%2Fwp%2Fv2%2Fcategories&post=30761"},{"taxonomy":"post_tag","embeddable":true,"href":"https:\/\/contraluzcucuta.co\/index.php?rest_route=%2Fwp%2Fv2%2Ftags&post=30761"}],"curies":[{"name":"wp","href":"https:\/\/api.w.org\/{rel}","templated":true}]}}