{"id":30755,"date":"2017-09-25T22:26:41","date_gmt":"2017-09-26T03:26:41","guid":{"rendered":"http:\/\/contraluzcucuta.co\/?p=30755"},"modified":"2017-09-25T22:26:41","modified_gmt":"2017-09-26T03:26:41","slug":"union-regional-gobernador-alcaldes-y-gremios-piden-apoyo-al-gobierno","status":"publish","type":"post","link":"https:\/\/contraluzcucuta.co\/?p=30755","title":{"rendered":"UNI\u00d3N REGIONAL. Gobernador, Alcaldes y gremios piden apoyo al Gobierno"},"content":{"rendered":"<p><strong>C\u00daCUTA.-<\/strong> Veinticinco propuestas de soluci\u00f3n a la crisis que afronta la zona de frontera analizaron los gobiernos departamental y municipal y los gremios regionales. Luego, las remitir\u00e1n al Gobierno en un documento que tendr\u00e1 el respaldo de la clase pol\u00edtica en busca de respaldo econ\u00f3mico.<\/p>\n<p>Las preocupaciones &nbsp;en C\u00facuta, el \u00c1rea Metropolitana y los municipios lim\u00edtrofes han acrecentado con la llegada de connacionales provenientes de Venezuela y de venezolanos que buscan mejor vida en la capital de Norte de Santander. La situaci\u00f3n pol\u00edtico social que se vive en el pa\u00eds vecino ha ocasionado la salida intempestiva de miles de ciudadanos hacia Colombia.<\/p>\n<p>\u201cQueremos unificar criterios con el fin de estructurar un documento para enviarlo al Gobierno\u201d, dijo el gobernador William Villamizar. En la reuni\u00f3n de este lunes se escucharon las voces de los sectores econ\u00f3micos y productivos, la academia y los gremios.<\/p>\n<p>En el encuentro se habl\u00f3 de las inversiones que se efectuar\u00e1n en la Zona Franca de C\u00facuta. La Gobernaci\u00f3n autoriz\u00f3 la instalaci\u00f3n de trasformadores de energ\u00eda y&nbsp; suministro de agua potable en el que se invertir\u00e1n $ 100 millones para instalar el acueducto a los usuarios.<\/p>\n<p>Se espera que se incrementen las solicitudes de ingreso por parte de empresas nacionales y extranjeras, con el fin de aumentar los recursos que permitan adecuar los espacios comunes. El usuario operador, Zona Franca del Quind\u00edo, promociona la Zona Franca de C\u00facuta con empresas afiliadas en Armenia, con el fin de beneficiar a esta regi\u00f3n.<\/p>\n<p>\u201cQueremos cumplir con la norma para que puedan acceder a unas herramientas adicionales, para que todos los c\u00e1nones de pago del metro cuadrado que hacen las empresas se hagan a tiempo y tener recursos para ir invirtiendo en la misma Zona Franca\u201d, afirm\u00f3 Villamizar Laguado.<\/p>\n<p>Otro espacio que se pretende construir es el centro de eventos que suministre un \u00e1rea destinada a desarrollar ferias y exposiciones de talla mundial. La edificaci\u00f3n se proyecta en los predios de la plaza de toros de C\u00facuta, y tendr\u00e1 un costo de $ 15.000 millones, fuera de otros aportes que podr\u00eda hacer la Alcald\u00eda y el Gobierno nacional. <\/p>\n","protected":false},"excerpt":{"rendered":"<p>C\u00daCUTA.- Veinticinco propuestas de soluci\u00f3n a la crisis que afronta la zona de frontera analizaron los gobiernos departamental y municipal y los gremios regionales. Luego, las remitir\u00e1n al Gobierno en un documento que tendr\u00e1 el respaldo de la clase pol\u00edtica en busca de respaldo econ\u00f3mico. Las preocupaciones &nbsp;en C\u00facuta, el \u00c1rea Metropolitana y los municipios &hellip;<\/p>\n","protected":false},"author":1,"featured_media":30756,"comment_status":"open","ping_status":"open","sticky":false,"template":"","format":"standard","meta":{"footnotes":""},"categories":[4,32],"tags":[2733,2800,1188],"class_list":["post-30755","post","type-post","status-publish","format-standard","has-post-thumbnail","hentry","category-barra","category-recorrido-por-la-region","tag-alcalde-cesar-rojas","tag-gobernador-william-villamizar","tag-gremios-de-norte-de-santander"],"_links":{"self":[{"href":"https:\/\/contraluzcucuta.co\/index.php?rest_route=\/wp\/v2\/posts\/30755","targetHints":{"allow":["GET"]}}],"collection":[{"href":"https:\/\/contraluzcucuta.co\/index.php?rest_route=\/wp\/v2\/posts"}],"about":[{"href":"https:\/\/contraluzcucuta.co\/index.php?rest_route=\/wp\/v2\/types\/post"}],"author":[{"embeddable":true,"href":"https:\/\/contraluzcucuta.co\/index.php?rest_route=\/wp\/v2\/users\/1"}],"replies":[{"embeddable":true,"href":"https:\/\/contraluzcucuta.co\/index.php?rest_route=%2Fwp%2Fv2%2Fcomments&post=30755"}],"version-history":[{"count":1,"href":"https:\/\/contraluzcucuta.co\/index.php?rest_route=\/wp\/v2\/posts\/30755\/revisions"}],"predecessor-version":[{"id":30757,"href":"https:\/\/contraluzcucuta.co\/index.php?rest_route=\/wp\/v2\/posts\/30755\/revisions\/30757"}],"wp:featuredmedia":[{"embeddable":true,"href":"https:\/\/contraluzcucuta.co\/index.php?rest_route=\/wp\/v2\/media\/30756"}],"wp:attachment":[{"href":"https:\/\/contraluzcucuta.co\/index.php?rest_route=%2Fwp%2Fv2%2Fmedia&parent=30755"}],"wp:term":[{"taxonomy":"category","embeddable":true,"href":"https:\/\/contraluzcucuta.co\/index.php?rest_route=%2Fwp%2Fv2%2Fcategories&post=30755"},{"taxonomy":"post_tag","embeddable":true,"href":"https:\/\/contraluzcucuta.co\/index.php?rest_route=%2Fwp%2Fv2%2Ftags&post=30755"}],"curies":[{"name":"wp","href":"https:\/\/api.w.org\/{rel}","templated":true}]}}