{"id":30739,"date":"2017-09-19T23:01:31","date_gmt":"2017-09-20T04:01:31","guid":{"rendered":"http:\/\/contraluzcucuta.co\/?p=30739"},"modified":"2017-09-19T23:01:31","modified_gmt":"2017-09-20T04:01:31","slug":"cuento-infantil-premiados-ganadores-del-ii-concurso-departamental","status":"publish","type":"post","link":"https:\/\/contraluzcucuta.co\/?p=30739","title":{"rendered":"CUENTO INFANTIL. Premiados ganadores del II concurso departamental"},"content":{"rendered":"<p style=\"padding-left: 30px;\"><strong>C\u00daCUTA.-<\/strong> En una iniciativa adelantada en pro de fortalecer los h\u00e1bitos de lectura en Los ni\u00f1os, el Grupo de Protecci\u00f3n a la Infancia y Adolescencia de la Polic\u00eda del Norte de Santander, lider\u00f3 un concurso de cuento \u2018\u00bfC\u00f3mo me cuido y c\u00f3mo cuido a los dem\u00e1s?\u2019. Estrategia enfocada a que ni\u00f1os y adolescentes de planteles educativos del departamento expresar\u00e1n de manera creativa su pensamiento y dejaran volar la imaginaci\u00f3n y la creatividad, que qued\u00f3 plasmada en un escrito.<\/p>\n<p>La convocatoria inici\u00f3 en junio, y participaron estudiantes de las instituciones educativas Policarpa Salavarrieta (Ragonvalia), colegio Perpetuo Socorro (Herr\u00e1n), Nuestra Se\u00f1ora del Pilar (Pamplonita), colegio New Cambridge School (Pamplona), Instituto T\u00e9cnico Comercial Alfonso L\u00f3pez (Oca\u00f1a) y Escuela Los \u00c1lamos (Chin\u00e1cota). Se seleccionaron 295 ni\u00f1os en tres categor\u00edas.<\/p>\n<p>El coronel George Quintero, comandante del Departamento de Polic\u00eda Norte de Santander, entreg\u00f3 los premios a los primeros puestos. Los ganadores son:<\/p>\n<p>1.- De 7 a 10 a\u00f1os. Diana Sof\u00eda Villamizar, de Pamplona<\/p>\n<p>2.- De 11 a 14 a\u00f1os. Mariana Delgado Rozo, de Pamplonita<\/p>\n<p>3.- De 15 a 17 a\u00f1os. Sergio Andr\u00e9s Vergel, de Oca\u00f1a.<\/p>\n<p>Los ganadores recibieron obsequios digitales y una ma\u00f1ana llena de sorpresas.<\/p>\n<p>Los 12 ni\u00f1os seleccionados entre los participantes llegaron de diferentes partes del departamento y tuvieron un recorrido tur\u00edstico por la ciudad. Los cuentos pasar\u00e1n a la convocatoria nacional y participar\u00e1n por un viaje nacional. <\/p>\n","protected":false},"excerpt":{"rendered":"<p>C\u00daCUTA.- En una iniciativa adelantada en pro de fortalecer los h\u00e1bitos de lectura en Los ni\u00f1os, el Grupo de Protecci\u00f3n a la Infancia y Adolescencia de la Polic\u00eda del Norte de Santander, lider\u00f3 un concurso de cuento \u2018\u00bfC\u00f3mo me cuido y c\u00f3mo cuido a los dem\u00e1s?\u2019. Estrategia enfocada a que ni\u00f1os y adolescentes de planteles &hellip;<\/p>\n","protected":false},"author":1,"featured_media":30740,"comment_status":"open","ping_status":"open","sticky":false,"template":"","format":"standard","meta":{"footnotes":""},"categories":[11],"tags":[3802,3070],"class_list":["post-30739","post","type-post","status-publish","format-standard","has-post-thumbnail","hentry","category-cronica-roja","tag-concurso-de-cuento-infantil","tag-denor-coest"],"_links":{"self":[{"href":"https:\/\/contraluzcucuta.co\/index.php?rest_route=\/wp\/v2\/posts\/30739","targetHints":{"allow":["GET"]}}],"collection":[{"href":"https:\/\/contraluzcucuta.co\/index.php?rest_route=\/wp\/v2\/posts"}],"about":[{"href":"https:\/\/contraluzcucuta.co\/index.php?rest_route=\/wp\/v2\/types\/post"}],"author":[{"embeddable":true,"href":"https:\/\/contraluzcucuta.co\/index.php?rest_route=\/wp\/v2\/users\/1"}],"replies":[{"embeddable":true,"href":"https:\/\/contraluzcucuta.co\/index.php?rest_route=%2Fwp%2Fv2%2Fcomments&post=30739"}],"version-history":[{"count":1,"href":"https:\/\/contraluzcucuta.co\/index.php?rest_route=\/wp\/v2\/posts\/30739\/revisions"}],"predecessor-version":[{"id":30741,"href":"https:\/\/contraluzcucuta.co\/index.php?rest_route=\/wp\/v2\/posts\/30739\/revisions\/30741"}],"wp:featuredmedia":[{"embeddable":true,"href":"https:\/\/contraluzcucuta.co\/index.php?rest_route=\/wp\/v2\/media\/30740"}],"wp:attachment":[{"href":"https:\/\/contraluzcucuta.co\/index.php?rest_route=%2Fwp%2Fv2%2Fmedia&parent=30739"}],"wp:term":[{"taxonomy":"category","embeddable":true,"href":"https:\/\/contraluzcucuta.co\/index.php?rest_route=%2Fwp%2Fv2%2Fcategories&post=30739"},{"taxonomy":"post_tag","embeddable":true,"href":"https:\/\/contraluzcucuta.co\/index.php?rest_route=%2Fwp%2Fv2%2Ftags&post=30739"}],"curies":[{"name":"wp","href":"https:\/\/api.w.org\/{rel}","templated":true}]}}