{"id":30736,"date":"2017-09-19T22:48:21","date_gmt":"2017-09-20T03:48:21","guid":{"rendered":"http:\/\/contraluzcucuta.co\/?p=30736"},"modified":"2017-09-19T22:48:21","modified_gmt":"2017-09-20T03:48:21","slug":"charla-con-amalia-hernandez-deje-cautivar-por-la-danza-y-la-musica","status":"publish","type":"post","link":"https:\/\/contraluzcucuta.co\/?p=30736","title":{"rendered":"CHARLA CON\u2026 Amalia Hern\u00e1ndez, me dej\u00e9 cautivar por la danza y la m\u00fasica"},"content":{"rendered":"<p style=\"padding-left: 30px;\">La primera generaci\u00f3n de bailarinas mexicanas de danza moderna aprendi\u00f3 la lecci\u00f3n de las maestras Waldeen y Anna Sokolow y tom\u00f3 el propio camino para constituirse como sujetos creativos y desarrollar sus propuestas art\u00edsticas. Amalia Hern\u00e1ndez fue una de ellas. Logr\u00f3 marcar una de las tendencias m\u00e1s representativas de la danza mexicana en la segunda mitad del siglo XX y ser punto de partida de muchos artistas, incluso para negarla.<\/p>\n<p><strong>\u00bfNombre?<\/strong><\/p>\n<p>Amalia Hern\u00e1ndez Navarro<\/p>\n<p><strong>\u00bfLugar y fecha de nacimiento?<\/strong><\/p>\n<p>Ciudad de M\u00e9xico, 19 de septiembre de 1917.<\/p>\n<p><strong>\u00bfPadres?<\/strong><\/p>\n<p>Lamberto Hern\u00e1ndez, hombre de negocios, militar y pol\u00edtico. &nbsp;Amalia Navarro, maestra, mujer de gran fuerza, estricta y dictaba la disciplina en la familia.<\/p>\n<p><strong>\u00bfQui\u00e9n la marc\u00f3 en la carrera art\u00edstica?<\/strong><\/p>\n<p>Mi madre nos ayud\u00f3 a desarrollar la sensibilidad art\u00edstica. Tocaba guitarra, cantaba y pintaba.<\/p>\n<p><strong>\u00bfA los cu\u00e1ntos a\u00f1os debut\u00f3 en el baile?<\/strong><\/p>\n<p>A los cuatro a\u00f1os bail\u00f3 la primera gavota (especie de baile entre dos personas).<\/p>\n<p><strong>\u00bfQu\u00e9 recuerda de la infancia?<\/strong><\/p>\n<p>Desde peque\u00f1a deseaba ser \u201cbailarina del circo a caballo\u201d. Pasaba caminando hacia la escuela primaria frente al Palacio de Bellas Artes y \u201ctodas las noches, cuando dorm\u00eda, so\u00f1aba con bailar ah\u00ed\u201d.<\/p>\n<p><strong>\u00bfCu\u00e1l fue el primer contacto con la danza?<\/strong><\/p>\n<p>Mi padre construy\u00f3 un estudio en la casa, donde recib\u00ed clases privadas de importantes maestros de danza. Con Luis Felipe Obreg\u00f3n y Amado L\u00f3pez aprendi\u00f3 danza mexicana; danza espa\u00f1ola con Encarnaci\u00f3n L\u00f3pez \u2018La Argentinita\u2019, y ballet con la maestra francesa Nelsy Dambre y el ruso Hip\u00f3lito Zybin.<\/p>\n<p><strong>\u00bfEn qu\u00e9 momento escogi\u00f3 la danza como proyecto de vida?<\/strong><\/p>\n<p>En 1934, ingres\u00e9 a la Escuela Nacional de Danza, dirigida por Nellie Campobello. Fui alumna de Gloria Campobello, Ernesto Ag\u00fcero, Dora Duby, Tessy Marcu\u00e9 y Xenia Zarina.<\/p>\n<p><strong>\u00bfHubo conflictos?<\/strong><\/p>\n<p>S\u00ed, claro. Junto con varias compa\u00f1eras salimos de la escuela por conflictos con la directora. Luego, mi familia me retir\u00f3 del grupo. No particip\u00e9 en algunos trabajos y contraje matrimonio. Por un tiempo me separ\u00e9 de la danza.<\/p>\n<p><strong>\u00bfEn qu\u00e9 momento regres\u00f3?<\/strong><\/p>\n<p>En 1948, ingres\u00e9 a la Academia de la Danza Mexicana (ADM) como maestra y core\u00f3grafa.<\/p>\n<p>\u00bfCu\u00e1l es su legado?<\/p>\n<p>Cre\u00e9 Sonatas, particip\u00e9 en la fundaci\u00f3n del Ballet Nacional de M\u00e9xico, dirigido por Guillermina Bravo (1948); luego me integr\u00e9 al Ballet Waldeen, y en diciembre de 1949 regres\u00e9 a la ADM.<\/p>\n<p><strong>\u00bfC\u00f3mo se enamor\u00f3 de la danza tradicional mexicana?<\/strong><\/p>\n<p>Me dej\u00e9 cautivar por la danza y la m\u00fasica que conoc\u00ed en diversos lugares del pa\u00eds, cuando vi &nbsp;o\u00ed a campesinos e ind\u00edgenas en fiestas populares o en la vida cotidiana.<\/p>\n<p><strong>\u00bfQu\u00e9 pas\u00f3 en el Instituto de Bellas Artes?<\/strong><\/p>\n<p>Hubo problemas. Al separarme del INBA promov\u00ed la creaci\u00f3n del Ballet Moderno de M\u00e9xico (BMM) y me encargu\u00e9 de financiarlo.<\/p>\n<p><strong>\u00bfDespu\u00e9s apareci\u00f3 la danza folcl\u00f3rica? <\/strong><\/p>\n<p>Trasform\u00e9 al BMM y su repertorio, para enfocarlo hacia la danza folcl\u00f3rica.<\/p>\n<p><strong>\u00bfQu\u00e9 pas\u00f3 al desaparecer el BMM?<\/strong><\/p>\n<p>En 1954, el BMM desapareci\u00f3, pero segu\u00ed con otro grupo, el Ballet de M\u00e9xico, que hab\u00eda fundado de manera simult\u00e1nea, en 1952. En 1959, naci\u00f3 el Ballet Folkl\u00f3rico de M\u00e9xico (BFM).<\/p>\n<p><strong>Entre todas las fechas \u00bfcu\u00e1l es un a\u00f1o decisivo para La compa\u00f1\u00eda?<\/strong><\/p>\n<ol start=\"1961\">\n<li>Particip\u00e9 en el Festival del Teatro de las Naciones de Par\u00eds, compet\u00ed con 36 espect\u00e1culos del mundo y recib\u00ed el primer premio.<\/li>\n<\/ol>\n<p><strong>Hubo varios calificativos para su arte\u2026<\/strong><\/p>\n<p>S\u00ed. Unos lo calificaban de espect\u00e1culo \u2018revisteril\u2019; otros, como representante de las \u2018esencias\u2019 y tradiciones nacionales, y los dem\u00e1s como \u2018espect\u00e1culo folcl\u00f3rico superdotado\u2019.<\/p>\n<p><strong>\u00bfC\u00f3mo se sostuvo el BFM?<\/strong><\/p>\n<p>No ha sido producto de un \u00e9xito f\u00e1cil, sino de las maniobras que algunas veces me vi obligada a hacer. Empe\u00f1aba mis joyas o el Cadillac de mi padre, firmaba contratos con los empresarios m\u00e1s importantes del mundo para mantener activa a la compa\u00f1\u00eda y con producciones de la m\u00e1s alta calidad.<\/p>\n<p><strong>\u00bfC\u00f3mo le gusta que la recuerden?<\/strong><\/p>\n<p>Como la mujer que nunca se dej\u00f3 dominar ni destruir. Ni siquiera por la muerte, que lleg\u00f3 el 5 de noviembre de 2000.<\/p>\n<p><em>Entrevista adaptada del art\u00edculo de Margarita Tortajada Quiroz (Guadalajara, 1959). Doctora en ciencias sociales por la Universidad Aut\u00f3noma Metropolitana Xochimilco. En la actualidad es investigadora del Centro Nacional de Investigaci\u00f3n, Documentaci\u00f3n e Informaci\u00f3n de la Danza (CENIDI Danza), del Instituto Nacional de Bellas Artes.<\/em><\/p>\n<p><em><a href=\"https:\/\/danzademexico.wordpress.com\/2013\/10\/30\/amalia-hernandez-biografia\/\">https:\/\/danzademexico.wordpress.com\/2013\/10\/30\/amalia-hernandez-biografia\/<\/a><\/em><\/p>\n<p><strong>RAFAEL ANTONIO PAB\u00d3N<\/strong><\/p>\n<p><strong><a href=\"mailto:rafaepabon58@hotmail.com\">rafaepabon58@hotmail.com<\/a><\/strong><\/p>\n<p><strong>&nbsp;<\/strong> <\/p>\n","protected":false},"excerpt":{"rendered":"<p>La primera generaci\u00f3n de bailarinas mexicanas de danza moderna aprendi\u00f3 la lecci\u00f3n de las maestras Waldeen y Anna Sokolow y tom\u00f3 el propio camino para constituirse como sujetos creativos y desarrollar sus propuestas art\u00edsticas. Amalia Hern\u00e1ndez fue una de ellas. Logr\u00f3 marcar una de las tendencias m\u00e1s representativas de la danza mexicana en la segunda &hellip;<\/p>\n","protected":false},"author":1,"featured_media":30737,"comment_status":"open","ping_status":"open","sticky":false,"template":"","format":"standard","meta":{"footnotes":""},"categories":[51,4],"tags":[3801,1681],"class_list":["post-30736","post","type-post","status-publish","format-standard","has-post-thumbnail","hentry","category-charlas-con","category-barra","tag-amalia-hernandez","tag-charlas-con-2"],"_links":{"self":[{"href":"https:\/\/contraluzcucuta.co\/index.php?rest_route=\/wp\/v2\/posts\/30736","targetHints":{"allow":["GET"]}}],"collection":[{"href":"https:\/\/contraluzcucuta.co\/index.php?rest_route=\/wp\/v2\/posts"}],"about":[{"href":"https:\/\/contraluzcucuta.co\/index.php?rest_route=\/wp\/v2\/types\/post"}],"author":[{"embeddable":true,"href":"https:\/\/contraluzcucuta.co\/index.php?rest_route=\/wp\/v2\/users\/1"}],"replies":[{"embeddable":true,"href":"https:\/\/contraluzcucuta.co\/index.php?rest_route=%2Fwp%2Fv2%2Fcomments&post=30736"}],"version-history":[{"count":1,"href":"https:\/\/contraluzcucuta.co\/index.php?rest_route=\/wp\/v2\/posts\/30736\/revisions"}],"predecessor-version":[{"id":30738,"href":"https:\/\/contraluzcucuta.co\/index.php?rest_route=\/wp\/v2\/posts\/30736\/revisions\/30738"}],"wp:featuredmedia":[{"embeddable":true,"href":"https:\/\/contraluzcucuta.co\/index.php?rest_route=\/wp\/v2\/media\/30737"}],"wp:attachment":[{"href":"https:\/\/contraluzcucuta.co\/index.php?rest_route=%2Fwp%2Fv2%2Fmedia&parent=30736"}],"wp:term":[{"taxonomy":"category","embeddable":true,"href":"https:\/\/contraluzcucuta.co\/index.php?rest_route=%2Fwp%2Fv2%2Fcategories&post=30736"},{"taxonomy":"post_tag","embeddable":true,"href":"https:\/\/contraluzcucuta.co\/index.php?rest_route=%2Fwp%2Fv2%2Ftags&post=30736"}],"curies":[{"name":"wp","href":"https:\/\/api.w.org\/{rel}","templated":true}]}}