{"id":30724,"date":"2017-09-19T20:50:00","date_gmt":"2017-09-20T01:50:00","guid":{"rendered":"http:\/\/contraluzcucuta.co\/?p=30724"},"modified":"2017-09-19T20:50:00","modified_gmt":"2017-09-20T01:50:00","slug":"casa-de-la-cultura-ministerio-gobernacion-y-alcaldia-de-villa-del-rosario-aportaron-para-la-recuperacion","status":"publish","type":"post","link":"https:\/\/contraluzcucuta.co\/?p=30724","title":{"rendered":"CASA DE LA CULTURA. Ministerio, Gobernaci\u00f3n y Alcald\u00eda de Villa del Rosario aportaron para la recuperaci\u00f3n"},"content":{"rendered":"<p style=\"padding-left: 30px;\"><strong>VILLA DEL ROSARIO \u2013 Norte de Santander.-<\/strong> La m\u00fasica, la danza y las artes pl\u00e1sticas de los rosarienses cuentan de nuevo con el espacio ideal para la difusi\u00f3n. La Casa de la Cultura fue restaurada y acondicionada con los requerimientos de infraestructura que necesitaba para el correcto desarrollo.<\/p>\n<p>La administraci\u00f3n departamental ultima detalles para la entrega de la sede cultural, bien inmueble &nbsp;sometido a adecuaci\u00f3n, mantenimiento, enchape y refuerzo de cimientos, muros, paredes y pisos, construcci\u00f3n de la cubierta, instalaciones hidr\u00e1ulicas, sanitarias y el\u00e9ctricas.<\/p>\n<p>\u201cEste espacio cuenta con salas para la danza, la m\u00fasica y la tecnolog\u00eda, una sala m\u00faltiple, bater\u00edas sanitarias, cafeter\u00eda y \u00e1rea administrativa\u201d, dijo el secretario departamental de Cultura, C\u00e9sar Rojas Ram\u00edrez. El funcionario inspeccion\u00f3 los trabajos efectuados en el lugar. La Alcald\u00eda de Villa del Rosario asumi\u00f3 el compromiso para la dotaci\u00f3n.<\/p>\n<p>El costo de la obra asciende a $ 1650 millones, distribuidos de la siguiente manera:<\/p>\n<p>1.- &nbsp;$ 900 millones aportados por el Ministerio de Cultura<\/p>\n<p>2.- $ 600 millones de la Gobernaci\u00f3n de Norte de Santander<\/p>\n<p>3.- $ 150 millones de la Alcald\u00eda de Villa del Rosario.<\/p>\n<p>El Consorcio Santander se encarg\u00f3 &nbsp;de los trabajos de recuperaci\u00f3n de la Casa de la Cultura del municipio hist\u00f3rico. La casona se derrumb\u00f3 como consecuencia de las filtraciones de agua, durante la \u00e9poca de invierno que impact\u00f3 a la regi\u00f3n, en 2012, y fue cerrada para el p\u00fablico. <\/p>\n","protected":false},"excerpt":{"rendered":"<p>VILLA DEL ROSARIO \u2013 Norte de Santander.- La m\u00fasica, la danza y las artes pl\u00e1sticas de los rosarienses cuentan de nuevo con el espacio ideal para la difusi\u00f3n. La Casa de la Cultura fue restaurada y acondicionada con los requerimientos de infraestructura que necesitaba para el correcto desarrollo. La administraci\u00f3n departamental ultima detalles para la &hellip;<\/p>\n","protected":false},"author":1,"featured_media":30725,"comment_status":"open","ping_status":"open","sticky":false,"template":"","format":"standard","meta":{"footnotes":""},"categories":[4,37,32],"tags":[3462,2656,379,658],"class_list":["post-30724","post","type-post","status-publish","format-standard","has-post-thumbnail","hentry","category-barra","category-paseo-cultural","category-recorrido-por-la-region","tag-alcaldia-de-villa-del-rosario","tag-casa-de-la-cultura-de-villa-del-rosario","tag-gobernacion-de-norte-de-santander","tag-ministerio-de-cultura"],"_links":{"self":[{"href":"https:\/\/contraluzcucuta.co\/index.php?rest_route=\/wp\/v2\/posts\/30724","targetHints":{"allow":["GET"]}}],"collection":[{"href":"https:\/\/contraluzcucuta.co\/index.php?rest_route=\/wp\/v2\/posts"}],"about":[{"href":"https:\/\/contraluzcucuta.co\/index.php?rest_route=\/wp\/v2\/types\/post"}],"author":[{"embeddable":true,"href":"https:\/\/contraluzcucuta.co\/index.php?rest_route=\/wp\/v2\/users\/1"}],"replies":[{"embeddable":true,"href":"https:\/\/contraluzcucuta.co\/index.php?rest_route=%2Fwp%2Fv2%2Fcomments&post=30724"}],"version-history":[{"count":1,"href":"https:\/\/contraluzcucuta.co\/index.php?rest_route=\/wp\/v2\/posts\/30724\/revisions"}],"predecessor-version":[{"id":30726,"href":"https:\/\/contraluzcucuta.co\/index.php?rest_route=\/wp\/v2\/posts\/30724\/revisions\/30726"}],"wp:featuredmedia":[{"embeddable":true,"href":"https:\/\/contraluzcucuta.co\/index.php?rest_route=\/wp\/v2\/media\/30725"}],"wp:attachment":[{"href":"https:\/\/contraluzcucuta.co\/index.php?rest_route=%2Fwp%2Fv2%2Fmedia&parent=30724"}],"wp:term":[{"taxonomy":"category","embeddable":true,"href":"https:\/\/contraluzcucuta.co\/index.php?rest_route=%2Fwp%2Fv2%2Fcategories&post=30724"},{"taxonomy":"post_tag","embeddable":true,"href":"https:\/\/contraluzcucuta.co\/index.php?rest_route=%2Fwp%2Fv2%2Ftags&post=30724"}],"curies":[{"name":"wp","href":"https:\/\/api.w.org\/{rel}","templated":true}]}}