{"id":30691,"date":"2017-09-14T22:44:16","date_gmt":"2017-09-15T03:44:16","guid":{"rendered":"http:\/\/contraluzcucuta.co\/?p=30691"},"modified":"2017-09-14T22:44:16","modified_gmt":"2017-09-15T03:44:16","slug":"cronica-en-mi-menor-mario-sabato-como-te-definis-como-un-ciclista-frustrado","status":"publish","type":"post","link":"https:\/\/contraluzcucuta.co\/?p=30691","title":{"rendered":"CR\u00d3NICA EN MI MENOR. Mario S\u00e1bato: \u00bfc\u00f3mo te defin\u00eds? \u2018como un ciclista frustrado\u2019"},"content":{"rendered":"<p><strong>C\u00daCUTA.-<\/strong> Hace 22 a\u00f1os me cambi\u00f3 la vida. Ese d\u00eda me propuse ir por mis sue\u00f1os, y mis sue\u00f1os eran ser narrador de ciclismo. Me cri\u00e9 en una familia cicl\u00edstica, mi t\u00edo ha sido competidor en los juegos ol\u00edmpicos. A pesar de ser (Argentina) un pa\u00eds futbolero a morir, soy hincha de Boca Juniors, me gusta mucho el f\u00fatbol, los domingos quer\u00edamos ver ciclismo.<\/p>\n<p>El d\u00eda que me enamor\u00e9 del ciclismo tendr\u00eda unos 10 a\u00f1os. Est\u00e1bamos en la camioneta, \u00e9ramos auxiliares de mi t\u00edo. Mi mam\u00e1 me dijo \u201ctom\u00e1 y cort\u00e1 la manzana y la banana, cuando tu t\u00edo te diga que tiene sed le das manzana y cuando tenga hambre le das banana\u201d. Me acuerdo como si fuera hoy. Era una carrera de barrio, chiquitita, ni siquiera recuerdo el nombre de la carrera. En ese momento empec\u00e9 a hacer parte del ciclismo. Dije, mi t\u00edo gan\u00f3 gracias a que le di la manzana y la banana.<\/p>\n<p>Luego, mi t\u00edo me llev\u00f3 al circuito, cerca a mi casa y que lleva el nombre de mi abuelo, dirigente del ciclismo en Argentina. Aunque no lo crean, hay ciclismo en Argentina. Ah\u00ed vino el gran problema de mi vida. Quer\u00eda ser como mi t\u00edo. En el circuito de 450 metros, me cambi\u00e9, me puse las calzas, me daba verg\u00fcenza, pero pas\u00e9 el primer sinsabor, todos estaban iguales y nadie se burl\u00f3 de m\u00ed. Sub\u00ed a la bicicleta y me dijeron sumate al pelot\u00f3n que quieras, y das unas vueltas para entrar en calor.<\/p>\n<p>El problema fue intentar sumarme al primer pelot\u00f3n. Jugaba al f\u00fatbol y no me iba mal, jugaba al tenis y me sal\u00eda m\u00e1s o menos bien, y en el ciclismo, por qu\u00e9 no me va a salir bien. Acelero y cuando me quiero unir al primer pelot\u00f3n, pas\u00f3. Viene el segundo y me tiro, y enganch\u00e9 la rueda trasera. Cuando me toc\u00f3 tirar, literalmente me encontr\u00e9 una pared, pude tirar cinco metros y cuando quise ponerme a rueda del \u00faltimo no tuve fuerza y me abr\u00ed. As\u00ed pas\u00f3 mi entrada en calor.<\/p>\n<p>Ese d\u00eda fue mi debut y despedida en el ciclismo, arriba de la bicicleta. Empec\u00e9 a alentar a mis primos, a llevar las estad\u00edsticas a mis t\u00edos, hermanos y amigos, y dije nunca m\u00e1s voy a subir en la bicicleta, porque el ciclismo de verdad es para superh\u00e9roes, y yo no soy uno de ellos. El ciclismo fue el amor de mi vida, pero no como quise. Ahora, Valverde ser\u00eda de mi categor\u00eda, pero no es mi caso.<\/p>\n<p>Cuando me preguntan \u2018\u00bfc\u00f3mo te defin\u00eds?\u2019 digo, como un ciclista frustrado. Enseguida me di cuenta de que&nbsp; no fue tan frustrante, en las cinco primeras vueltas me di cuenta de que no iba a ser ciclista. Hoy de mi familia, todos ciclistas, soy el \u00fanico que vivo del ciclismo, porque supe acomodarme.<\/p>\n<p>Desde chiquito me gust\u00f3 ser periodista, nunca pens\u00e9 que iba a estar en la televisi\u00f3n, la escritura fue lo m\u00edo, siempre vinculada con el ciclismo. Tengo la suerte de ser periodista, gracias al ciclismo. Cuando decido tomar la carrera period\u00edstica entr\u00e9 a estudiar y a los cuatro meses se abre una pasant\u00eda en una agencia de noticias. Seleccionaron a los 10 que mejor escrib\u00edan, estaba justo en el l\u00edmite, en el 10, con 19 a\u00f1os. Me llevan a la prueba. Nos juntan para hablar con el director. Cuando me toca el turno, Ernesto Mu\u00f1iz, me dijo:<\/p>\n<ul>\n<li>\u00bfC\u00f3mo es tu nombre?<\/li>\n<li>Mario S\u00e1bato. &nbsp;&nbsp;<\/li>\n<li>\u00bfDe qu\u00e9 te gusta escribir?<\/li>\n<li>De ciclismo.<\/li>\n<\/ul>\n<p>Solt\u00f3 la carcajada y volvi\u00f3 a preguntar:<\/p>\n<ul>\n<li>\u00bfDe qu\u00e9 te gusta escribir?<\/li>\n<li>De ciclismo<\/li>\n<\/ul>\n<p>Llam\u00f3 al segundo en la agencia:<\/p>\n<ul>\n<li>Ven\u00ed. Escuch\u00e1 a este pibe que es de lo m\u00e1s loco. Decile de qu\u00e9 te gusta escribir.<\/li>\n<li>De ciclismo.<\/li>\n<li>\u00bfSos capaz de escribir una nota de ciclismo todos los d\u00edas?<\/li>\n<li>Por supuesto que s\u00ed.<\/li>\n<li>\u00bfQu\u00e9 otro deporte te gusta?<\/li>\n<li>El b\u00e9isbol.<\/li>\n<li>\u00bfDe qu\u00e9 equipo sos hincha?<\/li>\n<li>De los Yanquis de Nueva York.<\/li>\n<\/ul>\n<p>El tipo, no crey\u00e9ndome, me dijo \u201cvamos a hacer una cosa. Si me dec\u00eds la novena completa de los Yanquis, te dejo elegir un franco\u201d. Yo era fan\u00e1tico y ve\u00eda todos los partidos. Mi primer d\u00eda de trabajo franco que consegu\u00ed fue en domingo. A los tres meses, los nueve chicos que entraron conmigo les dieron un papel en el que dec\u00eda que hab\u00edan trabajado en la agencia Telam. Cuando fui a recibir el m\u00edo me dijeron no, ten\u00e9s que hablar con X. Cuando llegu\u00e9 me dijo ten\u00e9s que firmar ac\u00e1, este es el primer contrato. Gracias al ciclismo pude trabajar en el medio y empezar con 19 a\u00f1os mi deporte.<\/p>\n<p>Siempre digo que los sue\u00f1os se hacen realidad. A todos, el tren de la vida nos pasa alg\u00fan d\u00eda y hay que tener la valija lista y subirse. Esa valija debe estar llena de esfuerzo, dedicaci\u00f3n y salud. Si se le suma pasi\u00f3n, el sue\u00f1o se va a cumplir. Esa es mi filosof\u00eda de vida y trato de llevarla adelante.<\/p>\n<p>Cuando tuve la suerte de entrar a ESPN, en el 2009, para el tour de San Luis, era el \u00fanico narrador de ciclismo en Argentina. El jefe me dijo \u201cand\u00e1 cortate el pelo y volv\u00e9s\u201d. Fui a una peluquer\u00eda, a una cuadra, y volv\u00ed. Segundo que me dijeron, \u201colvidate que esto es Argentina, esto es Latinoam\u00e9rica\u201d.<\/p>\n<p>Hasta la carrera de Mariana Paj\u00f3n, en los Ol\u00edmpicos, narraba estilo ESPN, estilo plano, serio. Cuando veo que va a ganar se me explota el cerebro y empezaron los gritos, rompo los micr\u00f3fonos. Mi hermano que es productor, cuando termina Mariana y estoy festejando, me env\u00eda un mensaje de texto: \u201cHermano, la cagaste\u201d. Cuando mir\u00e9 el mensaje, en medio de la euforia, pens\u00e9: \u2018la cagu\u00e9\u2019.<\/p>\n<p>Mi jefe me llam\u00f3 y me dijo: \u201c\u00bfQu\u00e9 carajos hicistes, boludo? Hemos tenido que repetir ocho veces. De ahora en adelante grit\u00e1 todo lo que quieras. Todo mundo quiere escucharlo, y quiere saber qui\u00e9n ese argentino que grita como loco\u201d. A partir de ese momento me dijeron, \u201chac\u00e9 lo que quieras\u201d.<\/p>\n<p>Cuando hay un latinoamericano adelante se me trasforma el cerebro y no me puedo contener. Si veo el ciclismo sin presencia latinoamericana me relajo, pero cuando hay un latinoamericano me vuelvo loco. El video m\u00e1s visto en la historia de ESPN.com es el de cuando Mariana Paj\u00f3n sale campeona el a\u00f1o pasado.<\/p>\n<p><strong>RAFAEL ANTONIO PAB\u00d3N<\/strong><\/p>\n<p><a href=\"mailto:rafaelpabon58@hotmail.com\"><strong>rafaelpabon58@hotmail.com<\/strong><\/a> <\/p>\n","protected":false},"excerpt":{"rendered":"<p>C\u00daCUTA.- Hace 22 a\u00f1os me cambi\u00f3 la vida. Ese d\u00eda me propuse ir por mis sue\u00f1os, y mis sue\u00f1os eran ser narrador de ciclismo. Me cri\u00e9 en una familia cicl\u00edstica, mi t\u00edo ha sido competidor en los juegos ol\u00edmpicos. A pesar de ser (Argentina) un pa\u00eds futbolero a morir, soy hincha de Boca Juniors, me &hellip;<\/p>\n","protected":false},"author":1,"featured_media":30692,"comment_status":"open","ping_status":"open","sticky":false,"template":"","format":"standard","meta":{"footnotes":""},"categories":[17,3691,4],"tags":[3021,2929,3791],"class_list":["post-30691","post","type-post","status-publish","format-standard","has-post-thumbnail","hentry","category-conversaciones-a-contraluz","category-cronicas-en-mi-menor","category-barra","tag-ciclismo-colombiano","tag-conversaciones-a-contraluz","tag-mario-sabato"],"_links":{"self":[{"href":"https:\/\/contraluzcucuta.co\/index.php?rest_route=\/wp\/v2\/posts\/30691","targetHints":{"allow":["GET"]}}],"collection":[{"href":"https:\/\/contraluzcucuta.co\/index.php?rest_route=\/wp\/v2\/posts"}],"about":[{"href":"https:\/\/contraluzcucuta.co\/index.php?rest_route=\/wp\/v2\/types\/post"}],"author":[{"embeddable":true,"href":"https:\/\/contraluzcucuta.co\/index.php?rest_route=\/wp\/v2\/users\/1"}],"replies":[{"embeddable":true,"href":"https:\/\/contraluzcucuta.co\/index.php?rest_route=%2Fwp%2Fv2%2Fcomments&post=30691"}],"version-history":[{"count":1,"href":"https:\/\/contraluzcucuta.co\/index.php?rest_route=\/wp\/v2\/posts\/30691\/revisions"}],"predecessor-version":[{"id":30693,"href":"https:\/\/contraluzcucuta.co\/index.php?rest_route=\/wp\/v2\/posts\/30691\/revisions\/30693"}],"wp:featuredmedia":[{"embeddable":true,"href":"https:\/\/contraluzcucuta.co\/index.php?rest_route=\/wp\/v2\/media\/30692"}],"wp:attachment":[{"href":"https:\/\/contraluzcucuta.co\/index.php?rest_route=%2Fwp%2Fv2%2Fmedia&parent=30691"}],"wp:term":[{"taxonomy":"category","embeddable":true,"href":"https:\/\/contraluzcucuta.co\/index.php?rest_route=%2Fwp%2Fv2%2Fcategories&post=30691"},{"taxonomy":"post_tag","embeddable":true,"href":"https:\/\/contraluzcucuta.co\/index.php?rest_route=%2Fwp%2Fv2%2Ftags&post=30691"}],"curies":[{"name":"wp","href":"https:\/\/api.w.org\/{rel}","templated":true}]}}