{"id":30688,"date":"2017-09-14T22:34:53","date_gmt":"2017-09-15T03:34:53","guid":{"rendered":"http:\/\/contraluzcucuta.co\/?p=30688"},"modified":"2017-09-14T22:34:53","modified_gmt":"2017-09-15T03:34:53","slug":"cuestionamiento-la-iglesia-no-quiere-responder-por-el-genocidio-indigena-en-norte-de-santander","status":"publish","type":"post","link":"https:\/\/contraluzcucuta.co\/?p=30688","title":{"rendered":"CUESTIONAMIENTO. \u00bfLa iglesia no quiere responder por el genocidio ind\u00edgena en Norte de Santander?"},"content":{"rendered":"<p>Seguramente, ya se escribi\u00f3 todo sobre la visita del papa Francisco a Colombia. Pero Norte de Santander, especialmente la comunidad ind\u00edgena Bar\u00ed, queda con un gigantesco sin sabor y malestar porque no se obtuvo respuesta sobre la muerte de centenares de bar\u00eds a manos de misioneros de la iglesia.<\/p>\n<p>La Asociaci\u00f3n de Red de Defensores y Defensoras de Derechos Humanos, que tiene como objetivo la promoci\u00f3n, difusi\u00f3n, protecci\u00f3n y defensa de los derechos humanos y de los pueblos, public\u00f3 un video en su canal de YouTube, en el que una ancianas narra c\u00f3mo las misiones de la Iglesia envenenaron a los integrantes de la comunidad.<\/p>\n<p>Tambi\u00e9n, puede ver a los l\u00edderes ind\u00edgenas exigiendo la aclaraci\u00f3n de los sucesos cometidos por la Iglesia y que duraron en silencio durante a\u00f1os. Gracias a los estudios acad\u00e9micos de algunos ind\u00edgenas que dejaron sus boh\u00edos para salir a C\u00facuta y prepararse en carreras de educaci\u00f3n superior como derecho, hoy se reclama con art\u00edculos de derechos humanos internacionales y con la Constituci\u00f3n Pol\u00edtica Colombiana que la Iglesia se pronuncie.<\/p>\n<p>Durante los discursos p\u00fablicos de Francisco, en ning\u00fan momento se refiri\u00f3 al tema. Tampoco lo han hecho los encargados y l\u00edderes de la Iglesia Cat\u00f3lica en C\u00facuta. Si Hitler cometi\u00f3 un genocidio jud\u00edo, la Iglesia cometi\u00f3 en Norte de Santander un genocidio ind\u00edgena. Que los n\u00fameros no los enga\u00f1e, genocidio es genocidio sin importar el n\u00famero de v\u00edctimas.<\/p>\n<p>Es evidente que el discurso pol\u00edtico del Papa dej\u00f3 claro el apoyo al posconflicto, pero primero debi\u00f3 comprometerse a contar la verdad por parte de la Iglesia. Los Bari esperaron su momento durante a\u00f1os, y el Estado nunca los escuch\u00f3, o simplemente se hizo la de la vista corta.<\/p>\n<p>En este departamento altamente cat\u00f3lico, como sucede en la mayor parte de Latinoam\u00e9rica, los ind\u00edgenas son el origen de todo lo que conocemos. La sociedad actual no puede desconocer la historia de sus ancestros que fueron envenenados y murieron a las orillas de los r\u00edos, sin misericordia alguna. \u00bfAs\u00ed se predica la palabra de Dios?<\/p>\n<p>Esta exigencia no es para pedir cadena perpetua para el Papa, pero s\u00ed se busca restablecer la dignidad del pueblo ancestral. A pesar de sufrir este terrible hecho de lesa humanidad.<\/p>\n<p>Ojal\u00e1 que el Papa programara un segundo viaje y no fuera nuevamente a las ciudades luz de Colombia, que se traslade a Tib\u00fa, La Gabarra, Villa del Rosario que escuche con sus o\u00eddios \u201cbienvenido al Catatumbo Francisco\u201d, se le erizara la piel cuando conozca la otra Colombia, esta que aclama verdad, justicia y reparaci\u00f3n de todos los actores del conflicto, incluido la Iglesia.&nbsp;<\/p>\n<p>Teniendo el relato de las acciones de las misiones cat\u00f3licas por las Hermanas Lauritas y los Sacerdotes Capuchinos, solo queda esperar la respuesta desde el vaticano. Los l\u00edderes Bar\u00ed dicen que existen documentos que tiene la Iglesia sobre los hechos desde el siglo xx. Atrobechimbaes el nombre del ind\u00edgena traidor que llev\u00f3 por los caminos a estas misiones cat\u00f3licas para cometer fechor\u00edas.<\/p>\n<p>No se sanar\u00e1n los esp\u00edritus de este pueblo hasta saber la verdad y esa potestad la tiene Jorge Mario Bergoglio, papa Francisco.&nbsp;<\/p>\n<p><strong>ISMAEL GAMBOA<\/strong><\/p>\n<p><strong>Video: La Asociaci\u00f3n de Red de Defensores y Defensoras de Derechos Humanos<\/strong> <\/p>\n","protected":false},"excerpt":{"rendered":"<p>Seguramente, ya se escribi\u00f3 todo sobre la visita del papa Francisco a Colombia. Pero Norte de Santander, especialmente la comunidad ind\u00edgena Bar\u00ed, queda con un gigantesco sin sabor y malestar porque no se obtuvo respuesta sobre la muerte de centenares de bar\u00eds a manos de misioneros de la iglesia. La Asociaci\u00f3n de Red de Defensores &hellip;<\/p>\n","protected":false},"author":1,"featured_media":30689,"comment_status":"open","ping_status":"open","sticky":false,"template":"","format":"standard","meta":{"footnotes":""},"categories":[14,4],"tags":[1331,594],"class_list":["post-30688","post","type-post","status-publish","format-standard","has-post-thumbnail","hentry","category-articulistas","category-barra","tag-iglesia-catolica","tag-papa-francisco"],"_links":{"self":[{"href":"https:\/\/contraluzcucuta.co\/index.php?rest_route=\/wp\/v2\/posts\/30688","targetHints":{"allow":["GET"]}}],"collection":[{"href":"https:\/\/contraluzcucuta.co\/index.php?rest_route=\/wp\/v2\/posts"}],"about":[{"href":"https:\/\/contraluzcucuta.co\/index.php?rest_route=\/wp\/v2\/types\/post"}],"author":[{"embeddable":true,"href":"https:\/\/contraluzcucuta.co\/index.php?rest_route=\/wp\/v2\/users\/1"}],"replies":[{"embeddable":true,"href":"https:\/\/contraluzcucuta.co\/index.php?rest_route=%2Fwp%2Fv2%2Fcomments&post=30688"}],"version-history":[{"count":1,"href":"https:\/\/contraluzcucuta.co\/index.php?rest_route=\/wp\/v2\/posts\/30688\/revisions"}],"predecessor-version":[{"id":30690,"href":"https:\/\/contraluzcucuta.co\/index.php?rest_route=\/wp\/v2\/posts\/30688\/revisions\/30690"}],"wp:featuredmedia":[{"embeddable":true,"href":"https:\/\/contraluzcucuta.co\/index.php?rest_route=\/wp\/v2\/media\/30689"}],"wp:attachment":[{"href":"https:\/\/contraluzcucuta.co\/index.php?rest_route=%2Fwp%2Fv2%2Fmedia&parent=30688"}],"wp:term":[{"taxonomy":"category","embeddable":true,"href":"https:\/\/contraluzcucuta.co\/index.php?rest_route=%2Fwp%2Fv2%2Fcategories&post=30688"},{"taxonomy":"post_tag","embeddable":true,"href":"https:\/\/contraluzcucuta.co\/index.php?rest_route=%2Fwp%2Fv2%2Ftags&post=30688"}],"curies":[{"name":"wp","href":"https:\/\/api.w.org\/{rel}","templated":true}]}}