{"id":30685,"date":"2017-09-14T22:14:20","date_gmt":"2017-09-15T03:14:20","guid":{"rendered":"http:\/\/contraluzcucuta.co\/?p=30685"},"modified":"2017-09-14T22:14:20","modified_gmt":"2017-09-15T03:14:20","slug":"universidad-de-el-catatumbo-una-de-las-mejores-iniciativas-en-educacion-rural","status":"publish","type":"post","link":"https:\/\/contraluzcucuta.co\/?p=30685","title":{"rendered":"UNIVERSIDAD DE EL CATATUMBO. Una de las mejores iniciativas en educaci\u00f3n rural"},"content":{"rendered":"<p><strong>C\u00daCUTA.-<\/strong> La iniciativa del Complejo de Educaci\u00f3n Superior Rural Catatumbo fue expuesta en la presentaci\u00f3n de Alianzas del \u2018Plan Rural de Educaci\u00f3n Superior para la Construcci\u00f3n de Paz\u2019, del Viceministerio de Educaci\u00f3n Superior, en la Universidad Jorge Tadeo Lozano en Bogot\u00e1.<\/p>\n<p>La iniciativa que impulsa la Gobernaci\u00f3n de Norte de Santander fue seleccionada, junto a 16 proyectos, como una de las mejores propuestas para mejorar la calidad de vida de quienes habitan el campo colombiano. Estas fueron socializadas a las entidades del Gobierno, representantes de la comunidad internacional y de la sociedad civil.<\/p>\n<p>La actividad fue encabezada por la ministra de Educaci\u00f3n, Yaneth Giha Tovar, y la viceministra de Educaci\u00f3n Superior, Natalia Ruiz Rodgers, quienes exaltaron el compromiso de las universidades de la regi\u00f3n que apostaron por liderar esta hist\u00f3rica estrategia en Norte de Santander.<\/p>\n<p>\u201cEl reto es grande, pero gracias a su compromiso hoy podemos afirmar que las comunidades recibir\u00e1n proyectos que fortalecer\u00e1n sus procesos de desarrollo y permitir\u00e1n garantizar m\u00e1s oportunidades de acceso a la educaci\u00f3n superior de calidad\u201d, afirm\u00f3 la Ministra.<\/p>\n<p>A la actividad asistieron la asesora de pol\u00edticas p\u00fablicas en educaci\u00f3n, Cecilia Dur\u00e1n Jaimes; la rectora de la Universidad Francisco de Paula Santander, Claudia Toloza Mart\u00ednez; la rectora del Iser, Luddy Carrillo; la rectora de la Esap, Rosalba Villamizar Laguado y el rector de la Universidad de Pamplona, Ivaldo Torres Ch\u00e1vez.<\/p>\n<p>&nbsp;<\/p>\n<p>&nbsp;<\/p>\n<p><strong>Foto: PRENSA GOBERNACI\u00d3N<\/strong><\/p>\n<p>&nbsp; <\/p>\n","protected":false},"excerpt":{"rendered":"<p>C\u00daCUTA.- La iniciativa del Complejo de Educaci\u00f3n Superior Rural Catatumbo fue expuesta en la presentaci\u00f3n de Alianzas del \u2018Plan Rural de Educaci\u00f3n Superior para la Construcci\u00f3n de Paz\u2019, del Viceministerio de Educaci\u00f3n Superior, en la Universidad Jorge Tadeo Lozano en Bogot\u00e1. La iniciativa que impulsa la Gobernaci\u00f3n de Norte de Santander fue seleccionada, junto a &hellip;<\/p>\n","protected":false},"author":1,"featured_media":30686,"comment_status":"open","ping_status":"open","sticky":false,"template":"","format":"standard","meta":{"footnotes":""},"categories":[74],"tags":[3738],"class_list":["post-30685","post","type-post","status-publish","format-standard","has-post-thumbnail","hentry","category-aula-universitaria","tag-universidad-de-el-catatumbo"],"_links":{"self":[{"href":"https:\/\/contraluzcucuta.co\/index.php?rest_route=\/wp\/v2\/posts\/30685","targetHints":{"allow":["GET"]}}],"collection":[{"href":"https:\/\/contraluzcucuta.co\/index.php?rest_route=\/wp\/v2\/posts"}],"about":[{"href":"https:\/\/contraluzcucuta.co\/index.php?rest_route=\/wp\/v2\/types\/post"}],"author":[{"embeddable":true,"href":"https:\/\/contraluzcucuta.co\/index.php?rest_route=\/wp\/v2\/users\/1"}],"replies":[{"embeddable":true,"href":"https:\/\/contraluzcucuta.co\/index.php?rest_route=%2Fwp%2Fv2%2Fcomments&post=30685"}],"version-history":[{"count":1,"href":"https:\/\/contraluzcucuta.co\/index.php?rest_route=\/wp\/v2\/posts\/30685\/revisions"}],"predecessor-version":[{"id":30687,"href":"https:\/\/contraluzcucuta.co\/index.php?rest_route=\/wp\/v2\/posts\/30685\/revisions\/30687"}],"wp:featuredmedia":[{"embeddable":true,"href":"https:\/\/contraluzcucuta.co\/index.php?rest_route=\/wp\/v2\/media\/30686"}],"wp:attachment":[{"href":"https:\/\/contraluzcucuta.co\/index.php?rest_route=%2Fwp%2Fv2%2Fmedia&parent=30685"}],"wp:term":[{"taxonomy":"category","embeddable":true,"href":"https:\/\/contraluzcucuta.co\/index.php?rest_route=%2Fwp%2Fv2%2Fcategories&post=30685"},{"taxonomy":"post_tag","embeddable":true,"href":"https:\/\/contraluzcucuta.co\/index.php?rest_route=%2Fwp%2Fv2%2Ftags&post=30685"}],"curies":[{"name":"wp","href":"https:\/\/api.w.org\/{rel}","templated":true}]}}