{"id":30681,"date":"2017-09-14T21:56:14","date_gmt":"2017-09-15T02:56:14","guid":{"rendered":"http:\/\/contraluzcucuta.co\/?p=30681"},"modified":"2017-09-14T21:56:14","modified_gmt":"2017-09-15T02:56:14","slug":"crisis-en-la-frontera-alcalde-y-gremios-pediran-creacion-de-ministerio","status":"publish","type":"post","link":"https:\/\/contraluzcucuta.co\/?p=30681","title":{"rendered":"CRISIS EN LA FRONTERA. Alcalde y gremios pedir\u00e1n creaci\u00f3n de ministerio"},"content":{"rendered":"<p><strong>C\u00daCUTA.-<\/strong> Alcald\u00eda de C\u00facuta y gremios presentar\u00e1n al presidente Juan Manuel santos la necesidad de crear el Ministerio de Fronteras, con el \u00e1nimo de atender las necesidades de las zonas lim\u00edtrofes colombianas. La experiencia parte de la crisis que afronta el \u00e1rea fronteriza colombo-venezolana, hace dos a\u00f1os, por decisi\u00f3n unilateral del gobierno de Caracas.<\/p>\n<p>La idea de la creaci\u00f3n de la cartera surgi\u00f3 en el encuentro sostenido con la junta Directiva de la Asociaci\u00f3n Colombiana de Ciudades Capitales (Asocapitales). En la reuni\u00f3n se analiz\u00f3 la situaci\u00f3n migratoria y las consecuencias para la capital de Norte de Santander. A diario, se tiene estimado que pasan los puentes internacionales cerca de 20.000 venezolanos en busca de alimentos y mercanc\u00edas que escasean en el pa\u00eds vecino.<\/p>\n<p>En un documento, que se llevar\u00e1 a Bogot\u00e1, se recoger\u00e1 &nbsp;el sentir de gremios y ciudadan\u00eda sobre la realidad de la frontera. El encuentro est\u00e1 previsto para el 6 de octubre. Un d\u00eda antes, los voceros regionales hablar\u00e1n con el vicepresidente general (r) Oscar Naranjo y en el Ministerio de Justicia.<\/p>\n<p>La gesti\u00f3n del alcalde C\u00e9sar Rojas, se vio compensada al t\u00e9rmino de la reuni\u00f3n. El presidente de Asocapitales, Guillermo Jaramillo (Ibagu\u00e9), y otros mandatarios locales del pa\u00eds brindaron apoyo al municipio. El balance es esperanzador y de impacto.<\/p>\n<p>Del an\u00e1lisis presentado por Rojas Ayala, Andi, Fenalco, Camacol y C\u00e1mara de Comercio de C\u00facuta quedan como insumo para el documento que se llevar\u00e1 a Bogot\u00e1 los hechos que han ahondado las dificultades. C\u00facuta es la segunda ciudad colombiana en desempleo y la informalidad se eleva al 77,1 por ciento, m\u00e1s la seguridad, la salud y la educaci\u00f3n.<\/p>\n<p>Entre las propuestas para el gobierno nacional destacan:<\/p>\n<p>1.- Solicitud para la creaci\u00f3n del Ministerio de Fronteras<\/p>\n<p>2.- Mayor oportunidad de salida de los productos, recogiendo el sentir de la Andi y Camacol<\/p>\n<p>3.- Mayores incentivos a las empresas que est\u00e1n constituy\u00e9ndose en la ciudad.<\/p>\n<p>El alcalde Rojas se reunir\u00e1, el 21 de septiembre, con fuerzas vivas de la ciudad, universidades, gremios y sociedad &nbsp;para consolidar el texto del documento que se presentar\u00e1 al presidente Santos.<\/p>\n<p>Guillermo Jaramillo, alcalde de Ibagu\u00e9 y presidente de Asocapitales, el tema fronterizo y la migraci\u00f3n, cuya repercusi\u00f3n en C\u00facuta, como capital binacional del entendimiento con Venezuela, es necesario presentarlo para que el Gobierno entienda claramente que hay un compromiso de las ciudades capitales en el apoyo y el sustento que vienen desarrollando los alcaldes.<\/p>\n<p>Acudieron al encuentro los alcaldes de Pasto, Pedro Vicente Obando Ordo\u00f1ez; Villavicencio, Wilmar Orlando Barbosa Rozo. Fernando Guzm\u00e1n Rodr\u00edguez, Director Ejecutivo de Asocapitales y delegados de los alcaldes de Bogot\u00e1 y Valledupar. As\u00ed como consejeros del gobierno nacional, el presidente de la Asamblea Departamental, concejales de C\u00facuta y representantes de los gremios. <\/p>\n","protected":false},"excerpt":{"rendered":"<p>C\u00daCUTA.- Alcald\u00eda de C\u00facuta y gremios presentar\u00e1n al presidente Juan Manuel santos la necesidad de crear el Ministerio de Fronteras, con el \u00e1nimo de atender las necesidades de las zonas lim\u00edtrofes colombianas. La experiencia parte de la crisis que afronta el \u00e1rea fronteriza colombo-venezolana, hace dos a\u00f1os, por decisi\u00f3n unilateral del gobierno de Caracas. La &hellip;<\/p>\n","protected":false},"author":1,"featured_media":30683,"comment_status":"open","ping_status":"open","sticky":false,"template":"","format":"standard","meta":{"footnotes":""},"categories":[2625,4],"tags":[226,2626,3790],"class_list":["post-30681","post","type-post","status-publish","format-standard","has-post-thumbnail","hentry","category-alcaldia-de-cucuta","category-barra","tag-alcaldia-de-cucuta","tag-cesar-rojas-alcalde","tag-ministerio-de-fronteras"],"_links":{"self":[{"href":"https:\/\/contraluzcucuta.co\/index.php?rest_route=\/wp\/v2\/posts\/30681","targetHints":{"allow":["GET"]}}],"collection":[{"href":"https:\/\/contraluzcucuta.co\/index.php?rest_route=\/wp\/v2\/posts"}],"about":[{"href":"https:\/\/contraluzcucuta.co\/index.php?rest_route=\/wp\/v2\/types\/post"}],"author":[{"embeddable":true,"href":"https:\/\/contraluzcucuta.co\/index.php?rest_route=\/wp\/v2\/users\/1"}],"replies":[{"embeddable":true,"href":"https:\/\/contraluzcucuta.co\/index.php?rest_route=%2Fwp%2Fv2%2Fcomments&post=30681"}],"version-history":[{"count":1,"href":"https:\/\/contraluzcucuta.co\/index.php?rest_route=\/wp\/v2\/posts\/30681\/revisions"}],"predecessor-version":[{"id":30684,"href":"https:\/\/contraluzcucuta.co\/index.php?rest_route=\/wp\/v2\/posts\/30681\/revisions\/30684"}],"wp:featuredmedia":[{"embeddable":true,"href":"https:\/\/contraluzcucuta.co\/index.php?rest_route=\/wp\/v2\/media\/30683"}],"wp:attachment":[{"href":"https:\/\/contraluzcucuta.co\/index.php?rest_route=%2Fwp%2Fv2%2Fmedia&parent=30681"}],"wp:term":[{"taxonomy":"category","embeddable":true,"href":"https:\/\/contraluzcucuta.co\/index.php?rest_route=%2Fwp%2Fv2%2Fcategories&post=30681"},{"taxonomy":"post_tag","embeddable":true,"href":"https:\/\/contraluzcucuta.co\/index.php?rest_route=%2Fwp%2Fv2%2Ftags&post=30681"}],"curies":[{"name":"wp","href":"https:\/\/api.w.org\/{rel}","templated":true}]}}