{"id":30675,"date":"2017-09-14T20:33:36","date_gmt":"2017-09-15T01:33:36","guid":{"rendered":"http:\/\/contraluzcucuta.co\/?p=30675"},"modified":"2017-09-14T20:33:36","modified_gmt":"2017-09-15T01:33:36","slug":"establecimientos-nocturnos-nuevo-horario-para-venta-de-licor-en-cucuta","status":"publish","type":"post","link":"https:\/\/contraluzcucuta.co\/?p=30675","title":{"rendered":"ESTABLECIMIENTOS NOCTURNOS. Nuevo horario para venta de licor en C\u00facuta"},"content":{"rendered":"<p><strong>C\u00daCUTA.-<\/strong> Los establecimientos de comercio legalmente constituidos que venden licor en C\u00facuta tienen nuevo horario de atenci\u00f3n al p\u00fablico. Mediante el Decreto 0583, del 13 de septiembre, el alcalde C\u00e9sar Rojas, tom\u00f3 la decisi\u00f3n para diversos sectores de la ciudad.<\/p>\n<p>El horario compromete a centros sociales privados, clubes privados o similares, que ofrezcan servicios o actividades de recreaci\u00f3n, diversi\u00f3n, expendio o consumo de licor, sala de baile, discoteca, grill, bar, taberna, whisker\u00eda, cantina, rockola, karaoke, sala de masajes o cualquier tipo de espect\u00e1culo para asociados y p\u00fablico en general.<\/p>\n<p><strong>Zona tur\u00edstica<\/strong><\/p>\n<p>De lunes a jueves de 10:00 de la ma\u00f1ana a 1:00 de la ma\u00f1ana del d\u00eda siguiente; viernes, s\u00e1bado y domingo, de 10:00 de la ma\u00f1ana a 3:00 de la ma\u00f1ana del d\u00eda siguiente. Comprende los siguientes sectores:<\/p>\n<ul>\n<li>Av. 0 en toda su extensi\u00f3n en los dos carriles.<\/li>\n<li>Av. 1 Este, Caobos de la Calle 13 a la Calle 19<\/li>\n<li>Av. 1 de la calle 10 a la calle 15.<\/li>\n<li>Desde la glorieta de El Escobal hasta la glorieta de la penitenciar\u00eda, en los dos sentidos.<\/li>\n<li>El Malec\u00f3n, desde el Puente de guadua, glorieta Arnulfo Brice\u00f1o, hasta el puente Francisco de Paula Andrade, en los dos carriles.<\/li>\n<li>Calle 11 desde la Avenida 0 hasta la Diagonal Santander.<\/li>\n<\/ul>\n<p><strong>Zona Rosa<\/strong><\/p>\n<p>De lunes a lunes de 10:00 de la ma\u00f1ana a&nbsp; 4:00 de la ma\u00f1ana, del d\u00eda siguiente, en los siguientes sectores:<\/p>\n<ul>\n<li>Centro Comercial Bol\u00edvar.<\/li>\n<li>Per\u00edmetro del Hotel Tonchal\u00e1.<\/li>\n<\/ul>\n<p><strong>Zona del Callej\u00f3n o \u2018Guayabera\u2019<\/strong><\/p>\n<p>De lunes a jueves de 10:00 de la ma\u00f1ana a 12:00 de la noche; viernes, s\u00e1bado y domingo, cuando el lunes sea festivo de 10:00 de la ma\u00f1ana a 2:00 de la ma\u00f1ana del d\u00eda siguiente. Comprende los siguientes sectores:<\/p>\n<ul>\n<li>Desde la Av. 7 con calle 5 esquina Centro Comercial Las mercedes, baja por la Av. 7 hasta la Calle 2, Calle 2 con Av. 8 esquina, sube hasta la calle 5 y cierra el cuadrante con esquina de la Av. 7 con calle 5 en las dos aceras.<\/li>\n<\/ul>\n<p><strong>Cuadrante Parque Mercedes Barrio el Llano<\/strong><\/p>\n<p>De lunes a jueves de 10:00 de la ma\u00f1ana a 6:00 de la tarde; viernes s\u00e1bado y domingo, cuando el lunes sea festivo, de 10:00 de la ma\u00f1ana a 8:00 de la noche. Comprende los siguientes sectores:<\/p>\n<ul>\n<li>Desde Avenida 8 con calle 8 hasta esquina de la calle 8 con Av. 11, sube por la Av. 11 hasta la esquina de la calle 9, gira a la calle 9 y cierra el cuadrante en la Av. 8 con calle 9<\/li>\n<\/ul>\n<p><strong>Zonas con medidas especiales<\/strong><\/p>\n<p>De domingo a domingo de 10:00 de la ma\u00f1ana a 6:00 de la tarde. Comprende los siguientes sectores:<\/p>\n<ul>\n<li>Condominio las Cascadas (El Malec\u00f3n)<\/li>\n<li>Condominio Villa Centro Niza<\/li>\n<\/ul>\n<p><strong>Otros sectores<\/strong><\/p>\n<p>De lunes a jueves de 10:00 de la ma\u00f1ana a 12:00 de la noche. Viernes s\u00e1bado y domingo de 10:00 de la ma\u00f1ana a 3:00 de la ma\u00f1ana del d\u00eda siguiente. Comprende los siguientes sectores:<\/p>\n<ul>\n<li>Avenida Principal del Natil\u00e1n.<\/li>\n<li>Avenida 2 V\u00eda Principal barrio Aeropuerto.<\/li>\n<\/ul>\n<p>Para el resto de la ciudad, el horario &nbsp;ser\u00e1 de lunes a jueves de 10:00 de la ma\u00f1ana a 11:00 de la noche; viernes, s\u00e1bado, domingo y lunes festivo de 10:00 de la ma\u00f1ana a 1:00 de la ma\u00f1ana del d\u00eda siguiente.<\/p>\n<p>La expedici\u00f3n de los permisos excepcionales se delega al Secretario de Gobierno del municipio, siempre y cuando no alteren o representen riesgo a la convivencia.<\/p>\n<p>Conforme al art\u00edculo 33 Ley 1801 de 2016, \u201cQueda terminantemente prohibido a los establecimientos de comercio donde funcionen estancos legalmente constituidos, la venta de licor para consumo en el lugar. La instalaci\u00f3n de mesas, sillas y otro mobiliario en el espacio p\u00fablico ser\u00e1 decomisado\u201d. <\/p>\n","protected":false},"excerpt":{"rendered":"<p>C\u00daCUTA.- Los establecimientos de comercio legalmente constituidos que venden licor en C\u00facuta tienen nuevo horario de atenci\u00f3n al p\u00fablico. Mediante el Decreto 0583, del 13 de septiembre, el alcalde C\u00e9sar Rojas, tom\u00f3 la decisi\u00f3n para diversos sectores de la ciudad. El horario compromete a centros sociales privados, clubes privados o similares, que ofrezcan servicios o &hellip;<\/p>\n","protected":false},"author":1,"featured_media":30676,"comment_status":"open","ping_status":"open","sticky":false,"template":"","format":"standard","meta":{"footnotes":""},"categories":[4,6],"tags":[226,3788,3787,3786],"class_list":["post-30675","post","type-post","status-publish","format-standard","has-post-thumbnail","hentry","category-barra","category-ojo-avizor","tag-alcaldia-de-cucuta","tag-decreto-0583","tag-establecimientos-nocturnos","tag-venta-de-licores"],"_links":{"self":[{"href":"https:\/\/contraluzcucuta.co\/index.php?rest_route=\/wp\/v2\/posts\/30675","targetHints":{"allow":["GET"]}}],"collection":[{"href":"https:\/\/contraluzcucuta.co\/index.php?rest_route=\/wp\/v2\/posts"}],"about":[{"href":"https:\/\/contraluzcucuta.co\/index.php?rest_route=\/wp\/v2\/types\/post"}],"author":[{"embeddable":true,"href":"https:\/\/contraluzcucuta.co\/index.php?rest_route=\/wp\/v2\/users\/1"}],"replies":[{"embeddable":true,"href":"https:\/\/contraluzcucuta.co\/index.php?rest_route=%2Fwp%2Fv2%2Fcomments&post=30675"}],"version-history":[{"count":1,"href":"https:\/\/contraluzcucuta.co\/index.php?rest_route=\/wp\/v2\/posts\/30675\/revisions"}],"predecessor-version":[{"id":30677,"href":"https:\/\/contraluzcucuta.co\/index.php?rest_route=\/wp\/v2\/posts\/30675\/revisions\/30677"}],"wp:featuredmedia":[{"embeddable":true,"href":"https:\/\/contraluzcucuta.co\/index.php?rest_route=\/wp\/v2\/media\/30676"}],"wp:attachment":[{"href":"https:\/\/contraluzcucuta.co\/index.php?rest_route=%2Fwp%2Fv2%2Fmedia&parent=30675"}],"wp:term":[{"taxonomy":"category","embeddable":true,"href":"https:\/\/contraluzcucuta.co\/index.php?rest_route=%2Fwp%2Fv2%2Fcategories&post=30675"},{"taxonomy":"post_tag","embeddable":true,"href":"https:\/\/contraluzcucuta.co\/index.php?rest_route=%2Fwp%2Fv2%2Ftags&post=30675"}],"curies":[{"name":"wp","href":"https:\/\/api.w.org\/{rel}","templated":true}]}}