{"id":30670,"date":"2017-09-10T21:01:45","date_gmt":"2017-09-11T02:01:45","guid":{"rendered":"http:\/\/contraluzcucuta.co\/?p=30670"},"modified":"2017-09-10T21:01:45","modified_gmt":"2017-09-11T02:01:45","slug":"carta-francisco-tres-papas-han-venido-colombia-y-ninguno-ha-mirado-hacia-cucuta","status":"publish","type":"post","link":"https:\/\/contraluzcucuta.co\/?p=30670","title":{"rendered":"CARTA A FRANCISCO. Tres Papas han venido a Colombia y ninguno ha mirado hacia C\u00facuta"},"content":{"rendered":"<p>Hola, Su Santidad, le escribo desde C\u00facuta, la primera ciudad colombiana que sobrevolaste, el mi\u00e9rcoles, luego de salir de tierra venezolana. Aqu\u00ed no alcanzamos a ver el avi\u00f3n por la altura que llevaba, 40.000 pies, y por la nebulosidad que hab\u00eda en el firmamento. Otras dos razones que nos alejaron de la posibilidad de tenerlo en esta tierra que, en materia de f\u00fatbol, se reparte el amor entre Argentina y Brasil, cuando se trata de selecciones extrajeras.<\/p>\n<p>Papa, si hubieras venido a la capital de Norte de Santander te habr\u00edas enterado de que aqu\u00ed, en uno de los barrios de la Comuna 6, varios de los jugadores del C\u00facuta Deportivo de las d\u00e9cadas de los 60 y 70 del siglo 20 se formaron en el equipo San Lorenzo de Sevilla, y, seguro, te hubiera gustado conocer las historias de esos hombres a los que hoy les duele c\u00f3mo manosean al once motil\u00f3n.<\/p>\n<p>Los cucute\u00f1os albergamos la ilusi\u00f3n que, de pronto, en el itinerario del avi\u00f3n papal estuviera aterrizar en el \u2018Camilo Daza\u2019, porque dos de los monse\u00f1ores que permanecieron a tu lado en estos cinco d\u00edas regentaron la Di\u00f3cesis de C\u00facuta. El cardenal Rub\u00e9n Salazar y el arzobispo Oscar Urbina, presidente de la Conferencia Episcopal, pastorearon este aprisco en procura de salvar a los bautizados o de atraer nuevos creyentes. Pero no ocurri\u00f3 as\u00ed.<\/p>\n<p>Si hubieras sobrevolado la ciudad, habr\u00edas visto c\u00f3mo los cerros est\u00e1n ocupados ilegalmente por familias que necesitan techo de verdad, o por quienes encontraron en esta pr\u00e1ctica una manera f\u00e1cil de hacer dinero. Los ranchos, Pont\u00edfice, son de madera con cinc, no tienen servicios p\u00fablicos y est\u00e1n clasificados en los estratos bajos. Las v\u00edas polvorientas tambi\u00e9n sirven de campo deportivo para que los ni\u00f1os sue\u00f1en con ser alg\u00fan d\u00eda como sus paisanos Diego Maradona o Leonel Messi.<\/p>\n<p>Al llegar al aeropuerto, y luego de recibir el saludo de las autoridades civiles, militares y religiosas, y de escuchar los gritos de j\u00fabilo del pueblo, como todav\u00eda retumban en los o\u00eddos de Riquelme, Palermo y dem\u00e1s integrantes del Boca Juniors del 2007, habr\u00edas paseado por la Avenida Los Libertadores y, seguro, no tendr\u00eda los huecos que hacen recordar a la progenitora del secretario municipal de Infraestructura. A lo mejor, en esta v\u00eda, uno que otro taxista en el af\u00e1n por verte irrespetaba las se\u00f1ales de tr\u00e1nsito seguido por uno que otro busetero y uno que otro motorista. Infracciones perdonables.<\/p>\n<p>Francisco, los cucute\u00f1os hac\u00edan cuentas alegres para alimentar la esperanza de tenerte en nuestro suelo. En el estadio General Santander, en un partido por la Copa Libertadores (2007) ingresaron 50.000 espectadores. Aqu\u00ed, en secreto, en esa ocasi\u00f3n los directivos del club rojinegro desaparecieron 31.500 aficionados y nadie los ha enjuiciado. Las cuestas oficiales de ese entonces se\u00f1alaron que a las tribunas solo llegaron 18.500 hinchas. Gajes del f\u00fatbol. En Interferias, malogrado por el no pago de impuestos y vendido por la Dian a particulares, bien acomodaditos y complementado con el terreno que se alista para ser otro centro comercial, m\u00e1s los lotes circundantes, caben casi todos los cucute\u00f1os. Y el mejor de los indicadores lo muestra el puente internacional Sim\u00f3n Bol\u00edvar. Juanes y sus amigos metieron medio mill\u00f3n de almas, en esa ocasi\u00f3n (2008) no importaba la religi\u00f3n que profesaran, solo deb\u00edan tener fe en que Ch\u00e1vez y Uribe dejar\u00edan de pelear. El concierto tuvo \u00e9xito, aunque no se cumpli\u00f3 el objetivo.<\/p>\n<p>Papa, por ese puente que une a Villa del Rosario con San Antonio, y que sirvi\u00f3 de tarima para &nbsp;Alejandro Sanz, Juan Fernando Velasco, Carlos Vives, Juan Luis Guerra, Miguel Bos\u00e9 y Ricardo Montaner, hoy pasan a pie cientos de venezolanos no en busca de aut\u00f3grafos de los artistas, sino de comida, porque sufren, tienen hambre y han perdido la confianza en los gobernantes. Son millares de historias escritas con dolor las que llegan desde cualquier estado venezolano. Mientras el com\u00fan denominador es uno, el sufrimiento y la desesperanza. C\u00f3mo les habr\u00eda ca\u00eddo bien un mensaje papal.<\/p>\n<p>Quiz\u00e1s recuerde a los ni\u00f1os que le dieron la bienvenida en Bogot\u00e1. Entre ese grupo hab\u00eda 250 que representaban a los infantes que quedaron en las calles cucute\u00f1as y que con tu visita hubieran conseguido albergue, temporal, es cierto, pero habr\u00edan sido unas noches alejados del fr\u00edo de los andenes, del fr\u00edo de la indiferencia social y del fr\u00edo que los congela por la inconsciencia de quienes manejan el dinero que el Estado dispone para alimentarlos y que van a parar a los bolsillos de los adultos avaros. Al menos, verlo sonre\u00edr les hubiera devuelto el aliento por unas horas.<\/p>\n<p>Ahora, cuando vuelvas a la cotidianidad del Vaticano, no olvides que una de las primeras canciones con las que te recibieron en Colombia es el bambuco \u2018Brisas del Pamplonita\u2019, compuesto por Roberto Irwin con m\u00fasica del maestro El\u00edas M. Soto. Ese es nuestro r\u00edo, que muere por m\u00faltiples motivos. La fauna y la flora han desaparecido y la contaminaci\u00f3n es may\u00fascula. Si hubieras venido, habr\u00edas tomado de sus aguas, porque es el que surte el acueducto local. Es nuestro segundo himno.<\/p>\n<p>Si hubieras venido, seguro, uno de los papam\u00f3viles habr\u00eda sido construido en el barrio La Merced con un carro venezolano, al que luego le aplicar\u00edan la correspondiente multa por no haber cumplido con la internaci\u00f3n de veh\u00edculos.<\/p>\n<p>Francisco, debo confesar que sent\u00ed envidia cuando dieron a conocer las ciudades que visitar\u00edas. Pregunt\u00e9 \u00bfpor qu\u00e9 C\u00facuta no? Las respuestas saltaron de inmediato. Y coinciden con las que dieron cuando no fuimos sede del Mundial Sub 20, cuando no nos tienen en cuenta para giras de artistas, cuando los grandes circos no vienen, cuando buscan partidos para la selecci\u00f3n y se la llevan para otra parte, cuando no vienen ministros sino viceministros, cuando se llevan las sedes de los institutos descentralizados para Bucaramanga y cuando el C\u00facuta toma como sede a Zip\u00e1quir\u00e1. Pablo VI, Juan Pablo II y ahora Francisco, tres papas en Colombia y ninguno ha mirado hacia C\u00facuta. Solo Su Santidad puede perdonarme este arrebato de envidia. Esperar\u00e9 la penitencia. Un abrazo.<\/p>\n<p>&nbsp;<\/p>\n<p><strong>RAFAEL ANTONIO PAB\u00d3N<\/strong><\/p>\n<p><strong><a href=\"mailto:rafaelpabon58@hotmail.com\">rafaelpabon58@hotmail.com<\/a><\/strong> <\/p>\n","protected":false},"excerpt":{"rendered":"<p>Hola, Su Santidad, le escribo desde C\u00facuta, la primera ciudad colombiana que sobrevolaste, el mi\u00e9rcoles, luego de salir de tierra venezolana. Aqu\u00ed no alcanzamos a ver el avi\u00f3n por la altura que llevaba, 40.000 pies, y por la nebulosidad que hab\u00eda en el firmamento. Otras dos razones que nos alejaron de la posibilidad de tenerlo &hellip;<\/p>\n","protected":false},"author":1,"featured_media":30672,"comment_status":"open","ping_status":"open","sticky":false,"template":"","format":"standard","meta":{"footnotes":""},"categories":[45,4],"tags":[3785,594],"class_list":["post-30670","post","type-post","status-publish","format-standard","has-post-thumbnail","hentry","category-destacado","category-barra","tag-carta-a-francisco","tag-papa-francisco"],"_links":{"self":[{"href":"https:\/\/contraluzcucuta.co\/index.php?rest_route=\/wp\/v2\/posts\/30670","targetHints":{"allow":["GET"]}}],"collection":[{"href":"https:\/\/contraluzcucuta.co\/index.php?rest_route=\/wp\/v2\/posts"}],"about":[{"href":"https:\/\/contraluzcucuta.co\/index.php?rest_route=\/wp\/v2\/types\/post"}],"author":[{"embeddable":true,"href":"https:\/\/contraluzcucuta.co\/index.php?rest_route=\/wp\/v2\/users\/1"}],"replies":[{"embeddable":true,"href":"https:\/\/contraluzcucuta.co\/index.php?rest_route=%2Fwp%2Fv2%2Fcomments&post=30670"}],"version-history":[{"count":1,"href":"https:\/\/contraluzcucuta.co\/index.php?rest_route=\/wp\/v2\/posts\/30670\/revisions"}],"predecessor-version":[{"id":30673,"href":"https:\/\/contraluzcucuta.co\/index.php?rest_route=\/wp\/v2\/posts\/30670\/revisions\/30673"}],"wp:featuredmedia":[{"embeddable":true,"href":"https:\/\/contraluzcucuta.co\/index.php?rest_route=\/wp\/v2\/media\/30672"}],"wp:attachment":[{"href":"https:\/\/contraluzcucuta.co\/index.php?rest_route=%2Fwp%2Fv2%2Fmedia&parent=30670"}],"wp:term":[{"taxonomy":"category","embeddable":true,"href":"https:\/\/contraluzcucuta.co\/index.php?rest_route=%2Fwp%2Fv2%2Fcategories&post=30670"},{"taxonomy":"post_tag","embeddable":true,"href":"https:\/\/contraluzcucuta.co\/index.php?rest_route=%2Fwp%2Fv2%2Ftags&post=30670"}],"curies":[{"name":"wp","href":"https:\/\/api.w.org\/{rel}","templated":true}]}}